{"id":5102,"date":"2020-04-07T09:17:13","date_gmt":"2020-04-07T07:17:13","guid":{"rendered":"https:\/\/agora.xtec.cat\/ceipmisericordia-reus\/?p=5102"},"modified":"2020-04-07T09:22:48","modified_gmt":"2020-04-07T07:22:48","slug":"dia-mundial-de-leducacio-fisica","status":"publish","type":"post","link":"https:\/\/agora.xtec.cat\/ceipmisericordia-reus\/general\/dia-mundial-de-leducacio-fisica\/","title":{"rendered":"Dia mundial de l&#8217;educaci\u00f3 f\u00edsica"},"content":{"rendered":"<p>El dia 6 d&#8217;abril \u00e9s el Dia Mundial de l&#8217;Educaci\u00f3 F\u00edsica i us proposem despr\u00e9s de visualitzar el v\u00eddeo fet per la Minerva, mestra d&#8217;E.F de l&#8217;escola, enregistreu els vostres petits v\u00eddeos i ens els feu arribar al correu de l&#8217;escola, e3002247@xtec.cat per compartir-los amb tots!!! Som-hi campions!!!! #joemquedoacasa #totanirabe<\/p>\n<p style=\"text-align: center;\"><a href=\"https:\/\/youtu.be\/wFHe4J--dmw\" target=\"_blank\" rel=\"noopener noreferrer\"><img loading=\"lazy\" decoding=\"async\" class=\"size-medium wp-image-5103 aligncenter\" src=\"https:\/\/agora.xtec.cat\/ceipmisericordia-reus\/wp-content\/uploads\/usu2066\/2020\/04\/educaci\u00f3-f\u00edsica-300x196.jpg\" alt=\"\" width=\"300\" height=\"196\" srcset=\"https:\/\/agora.xtec.cat\/ceipmisericordia-reus\/wp-content\/uploads\/usu2066\/2020\/04\/educaci\u00f3-f\u00edsica-300x196.jpg 300w, https:\/\/agora.xtec.cat\/ceipmisericordia-reus\/wp-content\/uploads\/usu2066\/2020\/04\/educaci\u00f3-f\u00edsica-768x501.jpg 768w, https:\/\/agora.xtec.cat\/ceipmisericordia-reus\/wp-content\/uploads\/usu2066\/2020\/04\/educaci\u00f3-f\u00edsica-1024x668.jpg 1024w, https:\/\/agora.xtec.cat\/ceipmisericordia-reus\/wp-content\/uploads\/usu2066\/2020\/04\/educaci\u00f3-f\u00edsica.jpg 1087w\" sizes=\"auto, (max-width: 300px) 100vw, 300px\" \/><\/a><\/p>\n","protected":false},"excerpt":{"rendered":"<p>El dia 6 d&#8217;abril \u00e9s el Dia Mundial de l&#8217;Educaci\u00f3 F\u00edsica i us proposem despr\u00e9s de visualitzar el v\u00eddeo fet per la Minerva, mestra d&#8217;E.F de l&#8217;escola, enregistreu els vostres petits v\u00eddeos i ens els feu arribar al correu de l&#8217;escola, e3002247@xtec.cat per compartir-los amb&hellip;  <a href=\"https:\/\/agora.xtec.cat\/ceipmisericordia-reus\/general\/dia-mundial-de-leducacio-fisica\/\" title=\"Read Dia mundial de l&#8217;educaci\u00f3 f\u00edsica\">Llegeix m\u00e9s\u00bb<\/a><\/p>\n","protected":false},"author":4,"featured_media":5103,"comment_status":"open","ping_status":"closed","sticky":false,"template":"","format":"standard","meta":{"_bbp_topic_count":0,"_bbp_reply_count":0,"_bbp_total_topic_count":0,"_bbp_total_reply_count":0,"_bbp_voice_count":0,"_bbp_anonymous_reply_count":0,"_bbp_topic_count_hidden":0,"_bbp_reply_count_hidden":0,"_bbp_forum_subforum_count":0,"footnotes":""},"categories":[1,4],"tags":[119,120],"class_list":["post-5102","post","type-post","status-publish","format-standard","has-post-thumbnail","hentry","category-general","category-portada","tag-educacio","tag-fisica"],"post_mailing_queue_ids":[],"_links":{"self":[{"href":"https:\/\/agora.xtec.cat\/ceipmisericordia-reus\/wp-json\/wp\/v2\/posts\/5102","targetHints":{"allow":["GET"]}}],"collection":[{"href":"https:\/\/agora.xtec.cat\/ceipmisericordia-reus\/wp-json\/wp\/v2\/posts"}],"about":[{"href":"https:\/\/agora.xtec.cat\/ceipmisericordia-reus\/wp-json\/wp\/v2\/types\/post"}],"author":[{"embeddable":true,"href":"https:\/\/agora.xtec.cat\/ceipmisericordia-reus\/wp-json\/wp\/v2\/users\/4"}],"replies":[{"embeddable":true,"href":"https:\/\/agora.xtec.cat\/ceipmisericordia-reus\/wp-json\/wp\/v2\/comments?post=5102"}],"version-history":[{"count":1,"href":"https:\/\/agora.xtec.cat\/ceipmisericordia-reus\/wp-json\/wp\/v2\/posts\/5102\/revisions"}],"predecessor-version":[{"id":5104,"href":"https:\/\/agora.xtec.cat\/ceipmisericordia-reus\/wp-json\/wp\/v2\/posts\/5102\/revisions\/5104"}],"wp:featuredmedia":[{"embeddable":true,"href":"https:\/\/agora.xtec.cat\/ceipmisericordia-reus\/wp-json\/wp\/v2\/media\/5103"}],"wp:attachment":[{"href":"https:\/\/agora.xtec.cat\/ceipmisericordia-reus\/wp-json\/wp\/v2\/media?parent=5102"}],"wp:term":[{"taxonomy":"category","embeddable":true,"href":"https:\/\/agora.xtec.cat\/ceipmisericordia-reus\/wp-json\/wp\/v2\/categories?post=5102"},{"taxonomy":"post_tag","embeddable":true,"href":"https:\/\/agora.xtec.cat\/ceipmisericordia-reus\/wp-json\/wp\/v2\/tags?post=5102"}],"curies":[{"name":"wp","href":"https:\/\/api.w.org\/{rel}","templated":true}]}}