{"id":5066,"date":"2020-04-03T18:34:09","date_gmt":"2020-04-03T16:34:09","guid":{"rendered":"https:\/\/agora.xtec.cat\/ceipmisericordia-reus\/?p=5066"},"modified":"2020-04-03T18:34:09","modified_gmt":"2020-04-03T16:34:09","slug":"compartim-wifi","status":"publish","type":"post","link":"https:\/\/agora.xtec.cat\/ceipmisericordia-reus\/general\/compartim-wifi\/","title":{"rendered":"COMPARTIM WIFI"},"content":{"rendered":"<p><strong>No tots els infants de #Reus tenen Internet a les seves llars. Per aix\u00f2 des de la #XEPR ens adherim i promovem la campanya #compartimWIFI!<\/strong><\/p>\n<p><strong>Viuen fam\u00edlies amb escolars al teu edifici? Comparteix amb elles el teu WIFI i que l&#8217;educaci\u00f3 no pari! Per una escola de tothom i per tothom, #VIULAP\u00daBLICA! @ReusXarxa #escolamisericordiadereus #xarxaescolesp\u00fabliquesreus #joemquedoacasa<\/strong><a href=\"https:\/\/agora.xtec.cat\/ceipmisericordia-reus\/wp-content\/uploads\/usu2066\/2020\/04\/1.jpg\"><img loading=\"lazy\" decoding=\"async\" class=\"aligncenter size-full wp-image-5067\" src=\"https:\/\/agora.xtec.cat\/ceipmisericordia-reus\/wp-content\/uploads\/usu2066\/2020\/04\/1.jpg\" alt=\"\" width=\"960\" height=\"960\" srcset=\"https:\/\/agora.xtec.cat\/ceipmisericordia-reus\/wp-content\/uploads\/usu2066\/2020\/04\/1.jpg 960w, https:\/\/agora.xtec.cat\/ceipmisericordia-reus\/wp-content\/uploads\/usu2066\/2020\/04\/1-150x150.jpg 150w, https:\/\/agora.xtec.cat\/ceipmisericordia-reus\/wp-content\/uploads\/usu2066\/2020\/04\/1-300x300.jpg 300w, https:\/\/agora.xtec.cat\/ceipmisericordia-reus\/wp-content\/uploads\/usu2066\/2020\/04\/1-768x768.jpg 768w\" sizes=\"auto, (max-width: 960px) 100vw, 960px\" \/><\/a><\/p>\n","protected":false},"excerpt":{"rendered":"<p>No tots els infants de #Reus tenen Internet a les seves llars. Per aix\u00f2 des de la #XEPR ens adherim i promovem la campanya #compartimWIFI!<br \/>\nViuen fam\u00edlies amb escolars al teu edifici? Comparteix amb elles el teu WIFI i que l&#8217;educaci\u00f3 no pari! Per una escola&hellip;  <a href=\"https:\/\/agora.xtec.cat\/ceipmisericordia-reus\/general\/compartim-wifi\/\" title=\"Read COMPARTIM WIFI\">Llegeix m\u00e9s\u00bb<\/a><\/p>\n","protected":false},"author":4,"featured_media":0,"comment_status":"open","ping_status":"closed","sticky":false,"template":"","format":"standard","meta":{"_bbp_topic_count":0,"_bbp_reply_count":0,"_bbp_total_topic_count":0,"_bbp_total_reply_count":0,"_bbp_voice_count":0,"_bbp_anonymous_reply_count":0,"_bbp_topic_count_hidden":0,"_bbp_reply_count_hidden":0,"_bbp_forum_subforum_count":0,"footnotes":""},"categories":[85,86,90,91,98,1,4,99],"tags":[],"class_list":["post-5066","post","type-post","status-publish","format-standard","hentry","category-circulars","category-comunicats","category-ed-infantil","category-ed-primaria","category-familia","category-general","category-portada","category-recomanacions"],"post_mailing_queue_ids":[],"_links":{"self":[{"href":"https:\/\/agora.xtec.cat\/ceipmisericordia-reus\/wp-json\/wp\/v2\/posts\/5066","targetHints":{"allow":["GET"]}}],"collection":[{"href":"https:\/\/agora.xtec.cat\/ceipmisericordia-reus\/wp-json\/wp\/v2\/posts"}],"about":[{"href":"https:\/\/agora.xtec.cat\/ceipmisericordia-reus\/wp-json\/wp\/v2\/types\/post"}],"author":[{"embeddable":true,"href":"https:\/\/agora.xtec.cat\/ceipmisericordia-reus\/wp-json\/wp\/v2\/users\/4"}],"replies":[{"embeddable":true,"href":"https:\/\/agora.xtec.cat\/ceipmisericordia-reus\/wp-json\/wp\/v2\/comments?post=5066"}],"version-history":[{"count":2,"href":"https:\/\/agora.xtec.cat\/ceipmisericordia-reus\/wp-json\/wp\/v2\/posts\/5066\/revisions"}],"predecessor-version":[{"id":5069,"href":"https:\/\/agora.xtec.cat\/ceipmisericordia-reus\/wp-json\/wp\/v2\/posts\/5066\/revisions\/5069"}],"wp:attachment":[{"href":"https:\/\/agora.xtec.cat\/ceipmisericordia-reus\/wp-json\/wp\/v2\/media?parent=5066"}],"wp:term":[{"taxonomy":"category","embeddable":true,"href":"https:\/\/agora.xtec.cat\/ceipmisericordia-reus\/wp-json\/wp\/v2\/categories?post=5066"},{"taxonomy":"post_tag","embeddable":true,"href":"https:\/\/agora.xtec.cat\/ceipmisericordia-reus\/wp-json\/wp\/v2\/tags?post=5066"}],"curies":[{"name":"wp","href":"https:\/\/api.w.org\/{rel}","templated":true}]}}