{"id":5020,"date":"2020-03-27T09:23:19","date_gmt":"2020-03-27T08:23:19","guid":{"rendered":"https:\/\/agora.xtec.cat\/ceipmisericordia-reus\/?p=5020"},"modified":"2020-03-27T09:24:41","modified_gmt":"2020-03-27T08:24:41","slug":"joemquedoacasa-12","status":"publish","type":"post","link":"https:\/\/agora.xtec.cat\/ceipmisericordia-reus\/portada\/joemquedoacasa-12\/","title":{"rendered":"#joemquedoacasa"},"content":{"rendered":"<p>Eiiii!!!! Nens i nenes, us proposem un joc: A veure qui endevina de qui s\u00f3n les veus que surten a aquest conte? Penseu&#8230;. penseu&#8230;!!! (d&#8217;aqu\u00ed uns dies us donarem la soluci\u00f3)<\/p>\n<p><a href=\"https:\/\/youtu.be\/IS7yvJxzKmw\">https:\/\/youtu.be\/IS7yvJxzKmw<\/a><\/p>\n","protected":false},"excerpt":{"rendered":"<p>Eiiii!!!! Nens i nenes, us proposem un joc: A veure qui endevina de qui s\u00f3n les veus que surten a aquest conte? Penseu&#8230;. penseu&#8230;!!! (d&#8217;aqu\u00ed uns dies us donarem la soluci\u00f3)<br \/>\n<a href=\"https:\/\/youtu.be\/IS7yvJxzKmw\">https:\/\/youtu.be\/IS7yvJxzKmw<\/a><\/p>\n","protected":false},"author":1,"featured_media":0,"comment_status":"open","ping_status":"closed","sticky":false,"template":"","format":"standard","meta":{"_bbp_topic_count":0,"_bbp_reply_count":0,"_bbp_total_topic_count":0,"_bbp_total_reply_count":0,"_bbp_voice_count":0,"_bbp_anonymous_reply_count":0,"_bbp_topic_count_hidden":0,"_bbp_reply_count_hidden":0,"_bbp_forum_subforum_count":0,"footnotes":""},"categories":[4],"tags":[],"class_list":["post-5020","post","type-post","status-publish","format-standard","hentry","category-portada"],"post_mailing_queue_ids":[],"_links":{"self":[{"href":"https:\/\/agora.xtec.cat\/ceipmisericordia-reus\/wp-json\/wp\/v2\/posts\/5020","targetHints":{"allow":["GET"]}}],"collection":[{"href":"https:\/\/agora.xtec.cat\/ceipmisericordia-reus\/wp-json\/wp\/v2\/posts"}],"about":[{"href":"https:\/\/agora.xtec.cat\/ceipmisericordia-reus\/wp-json\/wp\/v2\/types\/post"}],"author":[{"embeddable":true,"href":"https:\/\/agora.xtec.cat\/ceipmisericordia-reus\/wp-json\/wp\/v2\/users\/1"}],"replies":[{"embeddable":true,"href":"https:\/\/agora.xtec.cat\/ceipmisericordia-reus\/wp-json\/wp\/v2\/comments?post=5020"}],"version-history":[{"count":1,"href":"https:\/\/agora.xtec.cat\/ceipmisericordia-reus\/wp-json\/wp\/v2\/posts\/5020\/revisions"}],"predecessor-version":[{"id":5021,"href":"https:\/\/agora.xtec.cat\/ceipmisericordia-reus\/wp-json\/wp\/v2\/posts\/5020\/revisions\/5021"}],"wp:attachment":[{"href":"https:\/\/agora.xtec.cat\/ceipmisericordia-reus\/wp-json\/wp\/v2\/media?parent=5020"}],"wp:term":[{"taxonomy":"category","embeddable":true,"href":"https:\/\/agora.xtec.cat\/ceipmisericordia-reus\/wp-json\/wp\/v2\/categories?post=5020"},{"taxonomy":"post_tag","embeddable":true,"href":"https:\/\/agora.xtec.cat\/ceipmisericordia-reus\/wp-json\/wp\/v2\/tags?post=5020"}],"curies":[{"name":"wp","href":"https:\/\/api.w.org\/{rel}","templated":true}]}}