{"id":4770,"date":"2012-11-14T16:24:00","date_gmt":"2012-11-14T15:24:00","guid":{"rendered":"https:\/\/agora.xtec.cat\/ceipmisericordia-reus\/general\/preparant-lhort-ecologic\/"},"modified":"2012-11-14T16:24:00","modified_gmt":"2012-11-14T15:24:00","slug":"preparant-lhort-ecologic","status":"publish","type":"post","link":"https:\/\/agora.xtec.cat\/ceipmisericordia-reus\/hort\/preparant-lhort-ecologic\/","title":{"rendered":"PREPARANT L&#8217;HORT ECOL\u00d2GIC"},"content":{"rendered":"<p><\/p>\n<div style=\"text-align: justify;\">Els nostres jardiners oficials (la Inma Garc\u00eda, la Imma Margalef i el V\u00edctor) es van dedicar a posar a punt el nostre hort. Aix\u00ed, podrem comen\u00e7ar a plantar llavors i observar com creixen.&nbsp;<\/div>\n<div style=\"text-align: justify;\">Moltes gr\u00e0cies a tots tres!!!<\/div>\n<p><\/p>\n<div style=\"clear: both; text-align: center;\"><a href=\"http:\/\/3.bp.blogspot.com\/--eIKsziA52A\/UKO1s7otiZI\/AAAAAAAAAHA\/wBdUyTvpWt4\/s1600\/2012-10-26+13.04.19.jpg\" style=\"margin-left: 1em; margin-right: 1em;\"><img loading=\"lazy\" decoding=\"async\" border=\"0\" src=\"http:\/\/3.bp.blogspot.com\/--eIKsziA52A\/UKO1s7otiZI\/AAAAAAAAAHA\/wBdUyTvpWt4\/s1600\/2012-10-26+13.04.19.jpg\" height=\"240\" width=\"320\" \/>&nbsp;<\/a><\/div>\n<div style=\"clear: both; text-align: center;\"><\/div>\n<p><\/p>\n","protected":false},"excerpt":{"rendered":"<p>Els nostres jardiners oficials (la Inma Garc\u00eda, la Imma Margalef i el V\u00edctor) es van dedicar a posar a punt el nostre hort. Aix\u00ed, podrem comen\u00e7ar a plantar llavors i observar com creixen.&nbsp;<br \/>\nMoltes gr\u00e0cies a tots tres!!!<\/p>\n<p><a href=\"http:\/\/3.bp.blogspot.com\/--eIKsziA52A\/UKO1s7otiZI\/AAAAAAAAAHA\/wBdUyTvpWt4\/s1600\/2012-10-26+13.04.19.jpg\" style=\"margin-left: 1em; margin-right: 1em;\">&nbsp;<\/a><\/p>\n","protected":false},"author":1,"featured_media":0,"comment_status":"open","ping_status":"closed","sticky":false,"template":"","format":"standard","meta":{"_bbp_topic_count":0,"_bbp_reply_count":0,"_bbp_total_topic_count":0,"_bbp_total_reply_count":0,"_bbp_voice_count":0,"_bbp_anonymous_reply_count":0,"_bbp_topic_count_hidden":0,"_bbp_reply_count_hidden":0,"_bbp_forum_subforum_count":0,"footnotes":""},"categories":[87],"tags":[],"class_list":["post-4770","post","type-post","status-publish","format-standard","hentry","category-hort"],"post_mailing_queue_ids":[],"_links":{"self":[{"href":"https:\/\/agora.xtec.cat\/ceipmisericordia-reus\/wp-json\/wp\/v2\/posts\/4770","targetHints":{"allow":["GET"]}}],"collection":[{"href":"https:\/\/agora.xtec.cat\/ceipmisericordia-reus\/wp-json\/wp\/v2\/posts"}],"about":[{"href":"https:\/\/agora.xtec.cat\/ceipmisericordia-reus\/wp-json\/wp\/v2\/types\/post"}],"author":[{"embeddable":true,"href":"https:\/\/agora.xtec.cat\/ceipmisericordia-reus\/wp-json\/wp\/v2\/users\/1"}],"replies":[{"embeddable":true,"href":"https:\/\/agora.xtec.cat\/ceipmisericordia-reus\/wp-json\/wp\/v2\/comments?post=4770"}],"version-history":[{"count":0,"href":"https:\/\/agora.xtec.cat\/ceipmisericordia-reus\/wp-json\/wp\/v2\/posts\/4770\/revisions"}],"wp:attachment":[{"href":"https:\/\/agora.xtec.cat\/ceipmisericordia-reus\/wp-json\/wp\/v2\/media?parent=4770"}],"wp:term":[{"taxonomy":"category","embeddable":true,"href":"https:\/\/agora.xtec.cat\/ceipmisericordia-reus\/wp-json\/wp\/v2\/categories?post=4770"},{"taxonomy":"post_tag","embeddable":true,"href":"https:\/\/agora.xtec.cat\/ceipmisericordia-reus\/wp-json\/wp\/v2\/tags?post=4770"}],"curies":[{"name":"wp","href":"https:\/\/api.w.org\/{rel}","templated":true}]}}