{"id":4754,"date":"2013-03-04T10:31:00","date_gmt":"2013-03-04T09:31:00","guid":{"rendered":"https:\/\/agora.xtec.cat\/ceipmisericordia-reus\/general\/taller-lhora-de-lalimentacio-a-1r\/"},"modified":"2013-03-04T10:31:00","modified_gmt":"2013-03-04T09:31:00","slug":"taller-lhora-de-lalimentacio-a-1r","status":"publish","type":"post","link":"https:\/\/agora.xtec.cat\/ceipmisericordia-reus\/cicle-inicial\/taller-lhora-de-lalimentacio-a-1r\/","title":{"rendered":"Taller &#8220;L&#8217;hora de l&#8217;alimentaci\u00f3&#8221; a 1r."},"content":{"rendered":"<p>Avui dia 4 de mar\u00e7 els alumnes de 1r. hem participat en un taller sobre l&#8217;alimentaci\u00f3. Hem classificat els aliments als diferents grups al que pertanyen. Ha sigut molt motivador. Aprenem jugant!!!<\/p>\n<div style=\"clear: both; text-align: center;\"><a href=\"http:\/\/2.bp.blogspot.com\/-ZUfDMH6O8-c\/UTRrO3O2szI\/AAAAAAAAAYI\/wWBofhRR688\/s1600\/IMG-20130304-WA0001.jpg\" style=\"margin-left: 1em; margin-right: 1em;\"><img loading=\"lazy\" decoding=\"async\" border=\"0\" height=\"320\" src=\"http:\/\/2.bp.blogspot.com\/-ZUfDMH6O8-c\/UTRrO3O2szI\/AAAAAAAAAYI\/wWBofhRR688\/s1600\/IMG-20130304-WA0001.jpg\" width=\"179\" \/><\/a><\/div>\n<p><\/p>\n<div style=\"clear: both; text-align: center;\"><a href=\"http:\/\/1.bp.blogspot.com\/-5H325X4iDdE\/UTRrPQ-KptI\/AAAAAAAAAYQ\/trQMbkJFb78\/s1600\/IMG-20130304-WA0000.jpg\" style=\"margin-left: 1em; margin-right: 1em;\"><img loading=\"lazy\" decoding=\"async\" border=\"0\" height=\"240\" src=\"http:\/\/1.bp.blogspot.com\/-5H325X4iDdE\/UTRrPQ-KptI\/AAAAAAAAAYQ\/trQMbkJFb78\/s1600\/IMG-20130304-WA0000.jpg\" width=\"320\" \/><\/a><\/div>\n<p><\/p>\n<div style=\"clear: both; text-align: center;\"><a href=\"http:\/\/2.bp.blogspot.com\/-ck3vRdqux-0\/UTRrPoT2VuI\/AAAAAAAAAYY\/zTJigYLwNUk\/s1600\/IMG-20130304-WA0002.jpg\" style=\"margin-left: 1em; margin-right: 1em;\"><img loading=\"lazy\" decoding=\"async\" border=\"0\" height=\"240\" src=\"http:\/\/2.bp.blogspot.com\/-ck3vRdqux-0\/UTRrPoT2VuI\/AAAAAAAAAYY\/zTJigYLwNUk\/s1600\/IMG-20130304-WA0002.jpg\" width=\"320\" \/><\/a><\/div>\n<p><\/p>\n","protected":false},"excerpt":{"rendered":"<p>Avui dia 4 de mar\u00e7 els alumnes de 1r. hem participat en un taller sobre l&#8217;alimentaci\u00f3. Hem classificat els aliments als diferents grups al que pertanyen. Ha sigut molt motivador. Aprenem jugant!!!<br \/>\n<a href=\"http:\/\/2.bp.blogspot.com\/-ZUfDMH6O8-c\/UTRrO3O2szI\/AAAAAAAAAYI\/wWBofhRR688\/s1600\/IMG-20130304-WA0001.jpg\" style=\"margin-left: 1em; margin-right: 1em;\"><\/a><\/p>\n<p><a href=\"http:\/\/1.bp.blogspot.com\/-5H325X4iDdE\/UTRrPQ-KptI\/AAAAAAAAAYQ\/trQMbkJFb78\/s1600\/IMG-20130304-WA0000.jpg\" style=\"margin-left: 1em; margin-right: 1em;\"><\/a><\/p>\n<p><a href=\"http:\/\/2.bp.blogspot.com\/-ck3vRdqux-0\/UTRrPoT2VuI\/AAAAAAAAAYY\/zTJigYLwNUk\/s1600\/IMG-20130304-WA0002.jpg\" style=\"margin-left: 1em;&hellip;  <a href=\"https:\/\/agora.xtec.cat\/ceipmisericordia-reus\/cicle-inicial\/taller-lhora-de-lalimentacio-a-1r\/\" title=\"Read Taller &#8220;L&#8217;hora de l&#8217;alimentaci\u00f3&#8221; a 1r.\">Llegeix m\u00e9s\u00bb<\/a><\/p>\n","protected":false},"author":1,"featured_media":0,"comment_status":"open","ping_status":"closed","sticky":false,"template":"","format":"standard","meta":{"_bbp_topic_count":0,"_bbp_reply_count":0,"_bbp_total_topic_count":0,"_bbp_total_reply_count":0,"_bbp_voice_count":0,"_bbp_anonymous_reply_count":0,"_bbp_topic_count_hidden":0,"_bbp_reply_count_hidden":0,"_bbp_forum_subforum_count":0,"footnotes":""},"categories":[74],"tags":[],"class_list":["post-4754","post","type-post","status-publish","format-standard","hentry","category-cicle-inicial"],"post_mailing_queue_ids":[],"_links":{"self":[{"href":"https:\/\/agora.xtec.cat\/ceipmisericordia-reus\/wp-json\/wp\/v2\/posts\/4754","targetHints":{"allow":["GET"]}}],"collection":[{"href":"https:\/\/agora.xtec.cat\/ceipmisericordia-reus\/wp-json\/wp\/v2\/posts"}],"about":[{"href":"https:\/\/agora.xtec.cat\/ceipmisericordia-reus\/wp-json\/wp\/v2\/types\/post"}],"author":[{"embeddable":true,"href":"https:\/\/agora.xtec.cat\/ceipmisericordia-reus\/wp-json\/wp\/v2\/users\/1"}],"replies":[{"embeddable":true,"href":"https:\/\/agora.xtec.cat\/ceipmisericordia-reus\/wp-json\/wp\/v2\/comments?post=4754"}],"version-history":[{"count":0,"href":"https:\/\/agora.xtec.cat\/ceipmisericordia-reus\/wp-json\/wp\/v2\/posts\/4754\/revisions"}],"wp:attachment":[{"href":"https:\/\/agora.xtec.cat\/ceipmisericordia-reus\/wp-json\/wp\/v2\/media?parent=4754"}],"wp:term":[{"taxonomy":"category","embeddable":true,"href":"https:\/\/agora.xtec.cat\/ceipmisericordia-reus\/wp-json\/wp\/v2\/categories?post=4754"},{"taxonomy":"post_tag","embeddable":true,"href":"https:\/\/agora.xtec.cat\/ceipmisericordia-reus\/wp-json\/wp\/v2\/tags?post=4754"}],"curies":[{"name":"wp","href":"https:\/\/api.w.org\/{rel}","templated":true}]}}