{"id":4748,"date":"2013-03-17T12:07:00","date_gmt":"2013-03-17T11:07:00","guid":{"rendered":"https:\/\/agora.xtec.cat\/ceipmisericordia-reus\/general\/com-el-plomissol\/"},"modified":"2013-03-17T12:07:00","modified_gmt":"2013-03-17T11:07:00","slug":"com-el-plomissol","status":"publish","type":"post","link":"https:\/\/agora.xtec.cat\/ceipmisericordia-reus\/cicle-mitja\/com-el-plomissol\/","title":{"rendered":"&#8220;COM EL PLOMISSOL&#8230;&#8221;"},"content":{"rendered":"<div><span style=\"font-family: Georgia, Times New Roman, serif;\"><br \/><\/span><\/div>\n<div><span style=\"font-family: Georgia, Times New Roman, serif;\"><br \/><\/span><\/div>\n<div>\n<div style=\"clear: both; text-align: center;\"><a href=\"http:\/\/1.bp.blogspot.com\/-iY79ntnrZzE\/UUWi0KesALI\/AAAAAAAAAgw\/WgL9KAmgolw\/s1600\/Joana_Raspall.png\" style=\"margin-left: 1em; margin-right: 1em;\"><img loading=\"lazy\" decoding=\"async\" border=\"0\" height=\"165\" src=\"http:\/\/1.bp.blogspot.com\/-iY79ntnrZzE\/UUWi0KesALI\/AAAAAAAAAgw\/WgL9KAmgolw\/s320\/Joana_Raspall.png\" width=\"320\" \/><\/a><\/div>\n<div style=\"clear: both; text-align: center;\"><\/div>\n<div style=\"clear: both; text-align: justify;\"><span style=\"font-family: Georgia, Times New Roman, serif;\">El dia 21 de mar\u00e7 va ser proclamat per la UNESCO Dia Mundial de la Poesia. A m\u00e9s a m\u00e9s, enguany es commemora els 100 anys del naixement de l&#8217;escriptora Joana Raspall.<\/span><\/div>\n<div style=\"text-align: justify;\"><span style=\"background-color: white; font-family: Georgia, Times New Roman, serif;\"><br \/><\/span><span style=\"font-family: Georgia, Times New Roman, serif;\">Per festejar-lo, els nostres alumnes de cicle mitj\u00e0 estan realitzant diferents activitats po\u00e8tiques amb l&#8217;obra &#8220;Com el plomissol. Poemes i faules&#8221;.<\/span><\/div>\n<\/div>\n<div>\n<div style=\"text-align: justify;\"><span style=\"font-family: Georgia, Times New Roman, serif;\"><span style=\"background-color: white; line-height: 16.015625px;\"><br \/><\/span><\/span><\/div>\n<\/div>\n<div>\n<div style=\"text-align: justify;\"><\/div>\n<\/div>\n<div><span style=\"font-family: Georgia, Times New Roman, serif;\"><span style=\"background-color: white; line-height: 16.015625px;\"><i><br \/><\/i><\/span><\/span><\/div>\n<div style=\"clear: both; text-align: center;\"><a href=\"http:\/\/3.bp.blogspot.com\/-KwXsjhWtABg\/UUWjSKIcGYI\/AAAAAAAAAg4\/v6aemKeUmiE\/s1600\/2013-03-15+09.54.39.jpg\" style=\"margin-left: 1em; margin-right: 1em;\"><img loading=\"lazy\" decoding=\"async\" border=\"0\" height=\"240\" src=\"http:\/\/3.bp.blogspot.com\/-KwXsjhWtABg\/UUWjSKIcGYI\/AAAAAAAAAg4\/v6aemKeUmiE\/s320\/2013-03-15+09.54.39.jpg\" width=\"320\" \/><\/a><\/div>\n<p><\/p>\n<div style=\"clear: both; text-align: center;\"><a href=\"http:\/\/2.bp.blogspot.com\/-6InFoBxBoko\/UUWjSmZ04gI\/AAAAAAAAAhE\/f2NvQ0DMIL0\/s1600\/2013-03-15+09.55.20.jpg\" style=\"margin-left: 1em; margin-right: 1em;\"><img loading=\"lazy\" decoding=\"async\" border=\"0\" height=\"240\" src=\"http:\/\/2.bp.blogspot.com\/-6InFoBxBoko\/UUWjSmZ04gI\/AAAAAAAAAhE\/f2NvQ0DMIL0\/s320\/2013-03-15+09.55.20.jpg\" width=\"320\" \/><\/a><\/div>\n<p><\/p>\n<div style=\"clear: both; text-align: center;\"><a href=\"http:\/\/1.bp.blogspot.com\/-9IzF_muMJdc\/UUWjShgz_tI\/AAAAAAAAAhA\/IALdPTTVA2s\/s1600\/2013-03-15+09.54.53.jpg\" style=\"margin-left: 1em; margin-right: 1em;\"><img loading=\"lazy\" decoding=\"async\" border=\"0\" height=\"240\" src=\"http:\/\/1.bp.blogspot.com\/-9IzF_muMJdc\/UUWjShgz_tI\/AAAAAAAAAhA\/IALdPTTVA2s\/s320\/2013-03-15+09.54.53.jpg\" width=\"320\" \/><\/a><\/div>\n<p><\/p>\n<div style=\"clear: both; text-align: center;\"><a href=\"http:\/\/3.bp.blogspot.com\/-CzKfc5x1PXU\/UUWjYkBU5BI\/AAAAAAAAAhQ\/XnEC6Z1pgVw\/s1600\/2013-03-15+09.55.38.jpg\" style=\"margin-left: 1em; margin-right: 1em;\"><img loading=\"lazy\" decoding=\"async\" border=\"0\" height=\"240\" src=\"http:\/\/3.bp.blogspot.com\/-CzKfc5x1PXU\/UUWjYkBU5BI\/AAAAAAAAAhQ\/XnEC6Z1pgVw\/s320\/2013-03-15+09.55.38.jpg\" width=\"320\" \/><\/a><\/div>\n<p><\/p>\n<div style=\"clear: both; text-align: center;\"><a href=\"http:\/\/2.bp.blogspot.com\/-8pkUiw40w9Q\/UUWjZhdSiLI\/AAAAAAAAAhY\/iBMyMZkEBKw\/s1600\/2013-03-15+09.56.27.jpg\" style=\"margin-left: 1em; margin-right: 1em;\"><img loading=\"lazy\" decoding=\"async\" border=\"0\" height=\"240\" src=\"http:\/\/2.bp.blogspot.com\/-8pkUiw40w9Q\/UUWjZhdSiLI\/AAAAAAAAAhY\/iBMyMZkEBKw\/s320\/2013-03-15+09.56.27.jpg\" width=\"320\" \/><\/a><\/div>\n<p><\/p>\n<div style=\"clear: both; text-align: center;\"><a href=\"http:\/\/1.bp.blogspot.com\/-84bowSMlv24\/UUWjb6BSIfI\/AAAAAAAAAhg\/f-Up_vKRPX8\/s1600\/2013-03-15+09.56.06.jpg\" style=\"margin-left: 1em; margin-right: 1em;\"><img loading=\"lazy\" decoding=\"async\" border=\"0\" height=\"240\" src=\"http:\/\/1.bp.blogspot.com\/-84bowSMlv24\/UUWjb6BSIfI\/AAAAAAAAAhg\/f-Up_vKRPX8\/s320\/2013-03-15+09.56.06.jpg\" width=\"320\" \/><\/a><\/div>\n<p><\/p>\n<div style=\"clear: both; text-align: center;\"><a href=\"http:\/\/4.bp.blogspot.com\/-3QlYAPacQCE\/UUWjhObmLwI\/AAAAAAAAAhs\/lcrYCYC3j2M\/s1600\/2013-03-15+10.05.14.jpg\" style=\"margin-left: 1em; margin-right: 1em;\"><img loading=\"lazy\" decoding=\"async\" border=\"0\" height=\"240\" src=\"http:\/\/4.bp.blogspot.com\/-3QlYAPacQCE\/UUWjhObmLwI\/AAAAAAAAAhs\/lcrYCYC3j2M\/s320\/2013-03-15+10.05.14.jpg\" width=\"320\" \/><\/a><\/div>\n<div><span style=\"font-family: Georgia, Times New Roman, serif;\"><span style=\"background-color: white; line-height: 16.015625px;\"><i><br \/><\/i><\/span><\/span><\/div>\n","protected":false},"excerpt":{"rendered":"<p><a href=\"http:\/\/1.bp.blogspot.com\/-iY79ntnrZzE\/UUWi0KesALI\/AAAAAAAAAgw\/WgL9KAmgolw\/s1600\/Joana_Raspall.png\" style=\"margin-left: 1em; margin-right: 1em;\"><\/a><\/p>\n<p>El dia 21 de mar\u00e7 va ser proclamat per la UNESCO Dia Mundial de la Poesia. A m\u00e9s a m\u00e9s, enguany es commemora els 100 anys del naixement de l&#8217;escriptora Joana Raspall.<br \/>\nPer festejar-lo, els nostres alumnes de cicle mitj\u00e0 estan&hellip;  <a href=\"https:\/\/agora.xtec.cat\/ceipmisericordia-reus\/cicle-mitja\/com-el-plomissol\/\" title=\"Read &#8220;COM EL PLOMISSOL&#8230;&#8221;\">Llegeix m\u00e9s\u00bb<\/a><\/p>\n","protected":false},"author":1,"featured_media":0,"comment_status":"open","ping_status":"closed","sticky":false,"template":"","format":"standard","meta":{"_bbp_topic_count":0,"_bbp_reply_count":0,"_bbp_total_topic_count":0,"_bbp_total_reply_count":0,"_bbp_voice_count":0,"_bbp_anonymous_reply_count":0,"_bbp_topic_count_hidden":0,"_bbp_reply_count_hidden":0,"_bbp_forum_subforum_count":0,"footnotes":""},"categories":[79],"tags":[],"class_list":["post-4748","post","type-post","status-publish","format-standard","hentry","category-cicle-mitja"],"post_mailing_queue_ids":[],"_links":{"self":[{"href":"https:\/\/agora.xtec.cat\/ceipmisericordia-reus\/wp-json\/wp\/v2\/posts\/4748","targetHints":{"allow":["GET"]}}],"collection":[{"href":"https:\/\/agora.xtec.cat\/ceipmisericordia-reus\/wp-json\/wp\/v2\/posts"}],"about":[{"href":"https:\/\/agora.xtec.cat\/ceipmisericordia-reus\/wp-json\/wp\/v2\/types\/post"}],"author":[{"embeddable":true,"href":"https:\/\/agora.xtec.cat\/ceipmisericordia-reus\/wp-json\/wp\/v2\/users\/1"}],"replies":[{"embeddable":true,"href":"https:\/\/agora.xtec.cat\/ceipmisericordia-reus\/wp-json\/wp\/v2\/comments?post=4748"}],"version-history":[{"count":0,"href":"https:\/\/agora.xtec.cat\/ceipmisericordia-reus\/wp-json\/wp\/v2\/posts\/4748\/revisions"}],"wp:attachment":[{"href":"https:\/\/agora.xtec.cat\/ceipmisericordia-reus\/wp-json\/wp\/v2\/media?parent=4748"}],"wp:term":[{"taxonomy":"category","embeddable":true,"href":"https:\/\/agora.xtec.cat\/ceipmisericordia-reus\/wp-json\/wp\/v2\/categories?post=4748"},{"taxonomy":"post_tag","embeddable":true,"href":"https:\/\/agora.xtec.cat\/ceipmisericordia-reus\/wp-json\/wp\/v2\/tags?post=4748"}],"curies":[{"name":"wp","href":"https:\/\/api.w.org\/{rel}","templated":true}]}}