{"id":4726,"date":"2013-04-26T09:30:00","date_gmt":"2013-04-26T07:30:00","guid":{"rendered":"https:\/\/agora.xtec.cat\/ceipmisericordia-reus\/general\/concurs-de-redaccio-escolar-reus-conviu\/"},"modified":"2013-04-26T09:30:00","modified_gmt":"2013-04-26T07:30:00","slug":"concurs-de-redaccio-escolar-reus-conviu","status":"publish","type":"post","link":"https:\/\/agora.xtec.cat\/ceipmisericordia-reus\/cicle-superior\/concurs-de-redaccio-escolar-reus-conviu\/","title":{"rendered":"CONCURS DE REDACCI\u00d3 ESCOLAR \u2018REUS CONVIU&#8217;"},"content":{"rendered":"<div style=\"text-align: justify;\">El passat 23 d&#8217;abril va tenir lloc el lliurament dels premis del concurs de redacci\u00f3 escolar &#8220;Reus Conviu&#8221;, l&#8217;objectiu del qual \u00e9s promoure els valors del civisme i la conviv\u00e8ncia.<\/div>\n<div style=\"text-align: justify;\">N\u00faria S\u00e1nchez, alumna de sis\u00e8, va ser la segona classificada d&#8217;entre m\u00e9s de 400 participants. Enhorabona!<\/div>\n<div style=\"text-align: justify;\"><\/div>\n<div style=\"clear: both; text-align: center;\"><a href=\"http:\/\/3.bp.blogspot.com\/-bSXxDUoc9wA\/UXo7CEgFvcI\/AAAAAAAAAqI\/KOCsrH-cq1M\/s1600\/CIMG2293.JPG\" style=\"margin-left: 1em; margin-right: 1em;\"><img loading=\"lazy\" decoding=\"async\" border=\"0\" src=\"http:\/\/3.bp.blogspot.com\/-bSXxDUoc9wA\/UXo7CEgFvcI\/AAAAAAAAAqI\/KOCsrH-cq1M\/s1600\/CIMG2293.JPG\" height=\"240\" width=\"320\" \/><\/a><\/div>\n<p><\/p>\n<div style=\"clear: both; text-align: center;\"><a href=\"http:\/\/4.bp.blogspot.com\/-oIQ4O3fPxfk\/UXo7DWERB_I\/AAAAAAAAAqQ\/9vX3Dq1Be9Y\/s1600\/CIMG2305.JPG\" style=\"margin-left: 1em; margin-right: 1em;\"><img loading=\"lazy\" decoding=\"async\" border=\"0\" src=\"http:\/\/4.bp.blogspot.com\/-oIQ4O3fPxfk\/UXo7DWERB_I\/AAAAAAAAAqQ\/9vX3Dq1Be9Y\/s1600\/CIMG2305.JPG\" height=\"240\" width=\"320\" \/><\/a><\/div>\n<p><\/p>\n<div style=\"clear: both; text-align: center;\"><a href=\"http:\/\/1.bp.blogspot.com\/-bQOxlDd4MEM\/UXo7DiD16dI\/AAAAAAAAAqM\/m5dul4CA170\/s1600\/CIMG2309.JPG\" style=\"margin-left: 1em; margin-right: 1em;\"><img loading=\"lazy\" decoding=\"async\" border=\"0\" src=\"http:\/\/1.bp.blogspot.com\/-bQOxlDd4MEM\/UXo7DiD16dI\/AAAAAAAAAqM\/m5dul4CA170\/s1600\/CIMG2309.JPG\" height=\"240\" width=\"320\" \/><\/a><\/div>\n<div style=\"text-align: justify;\"><\/div>\n<div><\/div>\n","protected":false},"excerpt":{"rendered":"<p>El passat 23 d&#8217;abril va tenir lloc el lliurament dels premis del concurs de redacci\u00f3 escolar &#8220;Reus Conviu&#8221;, l&#8217;objectiu del qual \u00e9s promoure els valors del civisme i la conviv\u00e8ncia.<br \/>\nN\u00faria S\u00e1nchez, alumna de sis\u00e8, va ser la segona classificada d&#8217;entre m\u00e9s de 400 participants. Enhorabona!<\/p>\n<p><a&hellip;  <a href=\"https:\/\/agora.xtec.cat\/ceipmisericordia-reus\/cicle-superior\/concurs-de-redaccio-escolar-reus-conviu\/\" title=\"Read CONCURS DE REDACCI\u00d3 ESCOLAR \u2018REUS CONVIU&#8217;\">Llegeix m\u00e9s\u00bb<\/a><\/p>\n","protected":false},"author":1,"featured_media":0,"comment_status":"open","ping_status":"closed","sticky":false,"template":"","format":"standard","meta":{"_bbp_topic_count":0,"_bbp_reply_count":0,"_bbp_total_topic_count":0,"_bbp_total_reply_count":0,"_bbp_voice_count":0,"_bbp_anonymous_reply_count":0,"_bbp_topic_count_hidden":0,"_bbp_reply_count_hidden":0,"_bbp_forum_subforum_count":0,"footnotes":""},"categories":[80],"tags":[],"class_list":["post-4726","post","type-post","status-publish","format-standard","hentry","category-cicle-superior"],"post_mailing_queue_ids":[],"_links":{"self":[{"href":"https:\/\/agora.xtec.cat\/ceipmisericordia-reus\/wp-json\/wp\/v2\/posts\/4726","targetHints":{"allow":["GET"]}}],"collection":[{"href":"https:\/\/agora.xtec.cat\/ceipmisericordia-reus\/wp-json\/wp\/v2\/posts"}],"about":[{"href":"https:\/\/agora.xtec.cat\/ceipmisericordia-reus\/wp-json\/wp\/v2\/types\/post"}],"author":[{"embeddable":true,"href":"https:\/\/agora.xtec.cat\/ceipmisericordia-reus\/wp-json\/wp\/v2\/users\/1"}],"replies":[{"embeddable":true,"href":"https:\/\/agora.xtec.cat\/ceipmisericordia-reus\/wp-json\/wp\/v2\/comments?post=4726"}],"version-history":[{"count":0,"href":"https:\/\/agora.xtec.cat\/ceipmisericordia-reus\/wp-json\/wp\/v2\/posts\/4726\/revisions"}],"wp:attachment":[{"href":"https:\/\/agora.xtec.cat\/ceipmisericordia-reus\/wp-json\/wp\/v2\/media?parent=4726"}],"wp:term":[{"taxonomy":"category","embeddable":true,"href":"https:\/\/agora.xtec.cat\/ceipmisericordia-reus\/wp-json\/wp\/v2\/categories?post=4726"},{"taxonomy":"post_tag","embeddable":true,"href":"https:\/\/agora.xtec.cat\/ceipmisericordia-reus\/wp-json\/wp\/v2\/tags?post=4726"}],"curies":[{"name":"wp","href":"https:\/\/api.w.org\/{rel}","templated":true}]}}