{"id":4716,"date":"2013-06-03T17:58:00","date_gmt":"2013-06-03T15:58:00","guid":{"rendered":"https:\/\/agora.xtec.cat\/ceipmisericordia-reus\/general\/infants-ciutadans-nota-de-premsa\/"},"modified":"2013-06-03T17:58:00","modified_gmt":"2013-06-03T15:58:00","slug":"infants-ciutadans-nota-de-premsa","status":"publish","type":"post","link":"https:\/\/agora.xtec.cat\/ceipmisericordia-reus\/cicle-superior\/infants-ciutadans-nota-de-premsa\/","title":{"rendered":"Infants Ciutadans. Nota de premsa"},"content":{"rendered":"<div style=\"text-align: justify;\">Des d&#8217;aquest enlla\u00e7:&nbsp;<a href=\"http:\/\/www.reus.cat\/noticia\/propostes-del-consell-municipal-dinfants-ciutadans#.Uax7ljZwGVk.twitter\">http:\/\/www.reus.cat\/noticia\/propostes-del-consell-municipal-dinfants-ciutadans#.Uax7ljZwGVk.twitter<\/a>&nbsp;podreu accedir a la nota de premsa que ha publicat l&#8217;Ajuntament de Reus al seu web sobre l&#8217;Audi\u00e8ncia P\u00fablica que ha tingut lloc avui a la sala de plens i que ha comptat amb la participaci\u00f3 de dos alumnes de 5\u00e8: Ariadna Mart\u00ednez i David Mihaltan com a representants de l&#8217;Escola.&nbsp;<\/div>\n<div style=\"text-align: justify;\"><\/div>\n","protected":false},"excerpt":{"rendered":"<p>Des d&#8217;aquest enlla\u00e7:&nbsp;<a href=\"http:\/\/www.reus.cat\/noticia\/propostes-del-consell-municipal-dinfants-ciutadans#.Uax7ljZwGVk.twitter\">http:\/\/www.reus.cat\/noticia\/propostes-del-consell-municipal-dinfants-ciutadans#.Uax7ljZwGVk.twitter<\/a>&nbsp;podreu accedir a la nota de premsa que ha publicat l&#8217;Ajuntament de Reus al seu web sobre l&#8217;Audi\u00e8ncia P\u00fablica que ha tingut lloc avui a la sala de plens i que ha comptat amb la participaci\u00f3 de dos alumnes de 5\u00e8: Ariadna&hellip;  <a href=\"https:\/\/agora.xtec.cat\/ceipmisericordia-reus\/cicle-superior\/infants-ciutadans-nota-de-premsa\/\" title=\"Read Infants Ciutadans. Nota de premsa\">Llegeix m\u00e9s\u00bb<\/a><\/p>\n","protected":false},"author":1,"featured_media":0,"comment_status":"open","ping_status":"closed","sticky":false,"template":"","format":"standard","meta":{"_bbp_topic_count":0,"_bbp_reply_count":0,"_bbp_total_topic_count":0,"_bbp_total_reply_count":0,"_bbp_voice_count":0,"_bbp_anonymous_reply_count":0,"_bbp_topic_count_hidden":0,"_bbp_reply_count_hidden":0,"_bbp_forum_subforum_count":0,"footnotes":""},"categories":[80],"tags":[],"class_list":["post-4716","post","type-post","status-publish","format-standard","hentry","category-cicle-superior"],"post_mailing_queue_ids":[],"_links":{"self":[{"href":"https:\/\/agora.xtec.cat\/ceipmisericordia-reus\/wp-json\/wp\/v2\/posts\/4716","targetHints":{"allow":["GET"]}}],"collection":[{"href":"https:\/\/agora.xtec.cat\/ceipmisericordia-reus\/wp-json\/wp\/v2\/posts"}],"about":[{"href":"https:\/\/agora.xtec.cat\/ceipmisericordia-reus\/wp-json\/wp\/v2\/types\/post"}],"author":[{"embeddable":true,"href":"https:\/\/agora.xtec.cat\/ceipmisericordia-reus\/wp-json\/wp\/v2\/users\/1"}],"replies":[{"embeddable":true,"href":"https:\/\/agora.xtec.cat\/ceipmisericordia-reus\/wp-json\/wp\/v2\/comments?post=4716"}],"version-history":[{"count":0,"href":"https:\/\/agora.xtec.cat\/ceipmisericordia-reus\/wp-json\/wp\/v2\/posts\/4716\/revisions"}],"wp:attachment":[{"href":"https:\/\/agora.xtec.cat\/ceipmisericordia-reus\/wp-json\/wp\/v2\/media?parent=4716"}],"wp:term":[{"taxonomy":"category","embeddable":true,"href":"https:\/\/agora.xtec.cat\/ceipmisericordia-reus\/wp-json\/wp\/v2\/categories?post=4716"},{"taxonomy":"post_tag","embeddable":true,"href":"https:\/\/agora.xtec.cat\/ceipmisericordia-reus\/wp-json\/wp\/v2\/tags?post=4716"}],"curies":[{"name":"wp","href":"https:\/\/api.w.org\/{rel}","templated":true}]}}