{"id":4712,"date":"2013-06-17T10:54:00","date_gmt":"2013-06-17T08:54:00","guid":{"rendered":"https:\/\/agora.xtec.cat\/ceipmisericordia-reus\/general\/parc-de-transit\/"},"modified":"2013-06-17T10:54:00","modified_gmt":"2013-06-17T08:54:00","slug":"parc-de-transit","status":"publish","type":"post","link":"https:\/\/agora.xtec.cat\/ceipmisericordia-reus\/general\/parc-de-transit\/","title":{"rendered":"Parc de tr\u00e0nsit"},"content":{"rendered":"<p>L&#8217;Oumayma, la Marina, el Pablo i l&#8217;\u00c0lex, com a representants de 5\u00e8, van anar al Parc de Tr\u00e0nsit el passat 10 de juny. All\u00ed, juntament amb sis escoles m\u00e9s, van celebrar el Concurs de Mobilitat de Reus. Aqu\u00ed en teniu una mostra:<br \/>&nbsp;<iframe loading=\"lazy\" allowfullscreen=\"\" frameborder=\"0\" height=\"315\" src=\"http:\/\/www.youtube.com\/embed\/NSwml4uNTTA\" width=\"420\"><\/iframe><\/p>\n","protected":false},"excerpt":{"rendered":"<p>L&#8217;Oumayma, la Marina, el Pablo i l&#8217;\u00c0lex, com a representants de 5\u00e8, van anar al Parc de Tr\u00e0nsit el passat 10 de juny. All\u00ed, juntament amb sis escoles m\u00e9s, van celebrar el Concurs de Mobilitat de Reus. Aqu\u00ed en teniu una mostra:&nbsp;<\/p>\n","protected":false},"author":1,"featured_media":0,"comment_status":"open","ping_status":"closed","sticky":false,"template":"","format":"standard","meta":{"_bbp_topic_count":0,"_bbp_reply_count":0,"_bbp_total_topic_count":0,"_bbp_total_reply_count":0,"_bbp_voice_count":0,"_bbp_anonymous_reply_count":0,"_bbp_topic_count_hidden":0,"_bbp_reply_count_hidden":0,"_bbp_forum_subforum_count":0,"footnotes":""},"categories":[1],"tags":[],"class_list":["post-4712","post","type-post","status-publish","format-standard","hentry","category-general"],"post_mailing_queue_ids":[],"_links":{"self":[{"href":"https:\/\/agora.xtec.cat\/ceipmisericordia-reus\/wp-json\/wp\/v2\/posts\/4712","targetHints":{"allow":["GET"]}}],"collection":[{"href":"https:\/\/agora.xtec.cat\/ceipmisericordia-reus\/wp-json\/wp\/v2\/posts"}],"about":[{"href":"https:\/\/agora.xtec.cat\/ceipmisericordia-reus\/wp-json\/wp\/v2\/types\/post"}],"author":[{"embeddable":true,"href":"https:\/\/agora.xtec.cat\/ceipmisericordia-reus\/wp-json\/wp\/v2\/users\/1"}],"replies":[{"embeddable":true,"href":"https:\/\/agora.xtec.cat\/ceipmisericordia-reus\/wp-json\/wp\/v2\/comments?post=4712"}],"version-history":[{"count":0,"href":"https:\/\/agora.xtec.cat\/ceipmisericordia-reus\/wp-json\/wp\/v2\/posts\/4712\/revisions"}],"wp:attachment":[{"href":"https:\/\/agora.xtec.cat\/ceipmisericordia-reus\/wp-json\/wp\/v2\/media?parent=4712"}],"wp:term":[{"taxonomy":"category","embeddable":true,"href":"https:\/\/agora.xtec.cat\/ceipmisericordia-reus\/wp-json\/wp\/v2\/categories?post=4712"},{"taxonomy":"post_tag","embeddable":true,"href":"https:\/\/agora.xtec.cat\/ceipmisericordia-reus\/wp-json\/wp\/v2\/tags?post=4712"}],"curies":[{"name":"wp","href":"https:\/\/api.w.org\/{rel}","templated":true}]}}