{"id":4698,"date":"2013-09-27T15:06:00","date_gmt":"2013-09-27T13:06:00","guid":{"rendered":"https:\/\/agora.xtec.cat\/ceipmisericordia-reus\/general\/festa-misericordia-a-lescola\/"},"modified":"2013-09-27T15:06:00","modified_gmt":"2013-09-27T13:06:00","slug":"festa-misericordia-a-lescola","status":"publish","type":"post","link":"https:\/\/agora.xtec.cat\/ceipmisericordia-reus\/infantil\/festa-misericordia-a-lescola\/","title":{"rendered":"Festa Miseric\u00f2rdia a l&#8217;escola"},"content":{"rendered":"<p>El passat 24 de setembre vam celebrar la Mare de D\u00e9u de Miseric\u00f2rdia, patrona de Reus.<br \/>Aquest va ser el programa de la festa:<\/p>\n<div style=\"clear: both; text-align: center;\"><a href=\"http:\/\/2.bp.blogspot.com\/-zmrqlB3hVfw\/UkWQwFLiNOI\/AAAAAAAAA0k\/rzxadFu5bhw\/s1600\/20130927_155952.jpg\" style=\"margin-left: 1em; margin-right: 1em;\"><img loading=\"lazy\" decoding=\"async\" border=\"0\" src=\"http:\/\/2.bp.blogspot.com\/-zmrqlB3hVfw\/UkWQwFLiNOI\/AAAAAAAAA0k\/rzxadFu5bhw\/s1600\/20130927_155952.jpg\" height=\"320\" width=\"240\" \/><\/a><\/div>\n<p>I aqu\u00ed podeu veure com vam gaudir!<\/p>\n<div style=\"clear: both; text-align: center;\"><object width=\"320\" height=\"266\" class codebase=\"http:\/\/download.macromedia.com\/pub\/shockwave\/cabs\/flash\/swflash.cab#version=6,0,40,0\" data-thumbnail-src=\"https:\/\/ytimg.googleusercontent.com\/vi\/tR7brYz8VCw\/0.jpg\"><param name=\"movie\" value=\"https:\/\/www.youtube.com\/v\/tR7brYz8VCw?version=3&#038;f=user_uploads&#038;c=google-webdrive-0&#038;app=youtube_gdata\" \/><param name=\"bgcolor\" value=\"#FFFFFF\" \/><param name=\"allowFullScreen\" value=\"true\" \/><embed width=\"320\" height=\"266\"  src=\"https:\/\/www.youtube.com\/v\/tR7brYz8VCw?version=3&#038;f=user_uploads&#038;c=google-webdrive-0&#038;app=youtube_gdata\" type=\"application\/x-shockwave-flash\" allowfullscreen=\"true\"><\/embed><\/object><\/div>\n<p><\/p>\n","protected":false},"excerpt":{"rendered":"<p>El passat 24 de setembre vam celebrar la Mare de D\u00e9u de Miseric\u00f2rdia, patrona de Reus.Aquest va ser el programa de la festa:<br \/>\n<a href=\"http:\/\/2.bp.blogspot.com\/-zmrqlB3hVfw\/UkWQwFLiNOI\/AAAAAAAAA0k\/rzxadFu5bhw\/s1600\/20130927_155952.jpg\" style=\"margin-left: 1em; margin-right: 1em;\"><\/a><br \/>\nI aqu\u00ed podeu veure com vam gaudir!<\/p>\n","protected":false},"author":1,"featured_media":0,"comment_status":"open","ping_status":"closed","sticky":false,"template":"","format":"standard","meta":{"_bbp_topic_count":0,"_bbp_reply_count":0,"_bbp_total_topic_count":0,"_bbp_total_reply_count":0,"_bbp_voice_count":0,"_bbp_anonymous_reply_count":0,"_bbp_topic_count_hidden":0,"_bbp_reply_count_hidden":0,"_bbp_forum_subforum_count":0,"footnotes":""},"categories":[74,79,80,76,2],"tags":[],"class_list":["post-4698","post","type-post","status-publish","format-standard","hentry","category-cicle-inicial","category-cicle-mitja","category-cicle-superior","category-festes","category-infantil"],"post_mailing_queue_ids":[],"_links":{"self":[{"href":"https:\/\/agora.xtec.cat\/ceipmisericordia-reus\/wp-json\/wp\/v2\/posts\/4698","targetHints":{"allow":["GET"]}}],"collection":[{"href":"https:\/\/agora.xtec.cat\/ceipmisericordia-reus\/wp-json\/wp\/v2\/posts"}],"about":[{"href":"https:\/\/agora.xtec.cat\/ceipmisericordia-reus\/wp-json\/wp\/v2\/types\/post"}],"author":[{"embeddable":true,"href":"https:\/\/agora.xtec.cat\/ceipmisericordia-reus\/wp-json\/wp\/v2\/users\/1"}],"replies":[{"embeddable":true,"href":"https:\/\/agora.xtec.cat\/ceipmisericordia-reus\/wp-json\/wp\/v2\/comments?post=4698"}],"version-history":[{"count":0,"href":"https:\/\/agora.xtec.cat\/ceipmisericordia-reus\/wp-json\/wp\/v2\/posts\/4698\/revisions"}],"wp:attachment":[{"href":"https:\/\/agora.xtec.cat\/ceipmisericordia-reus\/wp-json\/wp\/v2\/media?parent=4698"}],"wp:term":[{"taxonomy":"category","embeddable":true,"href":"https:\/\/agora.xtec.cat\/ceipmisericordia-reus\/wp-json\/wp\/v2\/categories?post=4698"},{"taxonomy":"post_tag","embeddable":true,"href":"https:\/\/agora.xtec.cat\/ceipmisericordia-reus\/wp-json\/wp\/v2\/tags?post=4698"}],"curies":[{"name":"wp","href":"https:\/\/api.w.org\/{rel}","templated":true}]}}