{"id":4683,"date":"2013-11-05T12:19:00","date_gmt":"2013-11-05T11:19:00","guid":{"rendered":"https:\/\/agora.xtec.cat\/ceipmisericordia-reus\/general\/el-rap-de-la-castanya\/"},"modified":"2013-11-05T12:19:00","modified_gmt":"2013-11-05T11:19:00","slug":"el-rap-de-la-castanya","status":"publish","type":"post","link":"https:\/\/agora.xtec.cat\/ceipmisericordia-reus\/cicle-mitja\/el-rap-de-la-castanya\/","title":{"rendered":"El rap de la castanya"},"content":{"rendered":"<p>&nbsp;En temps de castanyes&#8230;aqu\u00ed a l&#8217;escola hem apr\u00e8s un rap molt divertit!!!<\/p>\n<p><i>Feu clic al t\u00edtol de la can\u00e7\u00f3 i podreu escoltar-la: <\/i><\/p>\n<div style=\"text-align: center;\"><span style=\"font-size: x-large;\"><a href=\"http:\/\/www.goear.com\/listen\/e2dbfd7\/el-rap-de-la-castanya-6egrave\" target=\"_blank\" rel=\"noopener noreferrer\">EL RAP DE LA CASTANYA<\/a><\/span><\/div>\n<div style=\"text-align: center;\">&nbsp;<span style=\"font-size: small;\"><span>El rap de la castanya \u00e9s f\u00e0cil de ballar<br \/>aixeca amunt la cama i posat a girar.<\/p>\n<p><b>1,2,3&#8230;1,2,3&#8230;&nbsp; botifarra de pag\u00e8s<\/b>  <br \/><b>si em menjo una castanya a tu no et queda res.<\/b> <\/p>\n<p>Les mans a les butxaques i el cap ben endavant <br \/>fes quatre tombarelles i pots seguir cantant.<\/p>\n<p><b>1,2,3&#8230;1,2,3&#8230;botifarra de pag\u00e8s<\/b>  <br \/><b>si em menjo una castanya, a tu no et queda res.<\/b> <\/p>\n<p>Dos passos cap a enrere, tres passos al costat <br \/>aturat, poca solta que el rap ja s\u2019ha acabat.<\/span><\/span><\/div>\n<div style=\"text-align: center;\"><\/div>\n<div style=\"clear: both; text-align: center;\"><a href=\"http:\/\/blocs.xtec.cat\/castanyadasolcunit\/files\/2008\/10\/dibuix.jpg\" style=\"margin-left: 1em; margin-right: 1em;\"><img loading=\"lazy\" decoding=\"async\" border=\"0\" src=\"http:\/\/blocs.xtec.cat\/castanyadasolcunit\/files\/2008\/10\/dibuix.jpg\" height=\"275\" width=\"320\" \/><\/a><\/div>\n<div style=\"text-align: center;\"><\/div>\n<div style=\"text-align: center;\"><span style=\"font-size: large;\"><b><span>&nbsp;No podreu parar de cantar-la i ballar-la!!! ouiea!!!<\/span><\/b><\/span><\/div>\n<div style=\"text-align: center;\"><\/div>\n","protected":false},"excerpt":{"rendered":"<p>&nbsp;En temps de castanyes&#8230;aqu\u00ed a l&#8217;escola hem apr\u00e8s un rap molt divertit!!!<br \/>\nFeu clic al t\u00edtol de la can\u00e7\u00f3 i podreu escoltar-la:<br \/>\n<a href=\"http:\/\/www.goear.com\/listen\/e2dbfd7\/el-rap-de-la-castanya-6egrave\" target=\"_blank\" rel=\"noopener noreferrer\">EL RAP DE LA CASTANYA<\/a><br \/>\n&nbsp;El rap de la castanya \u00e9s f\u00e0cil de ballaraixeca amunt la cama i posat a girar.<br \/>\n1,2,3&#8230;1,2,3&#8230;&nbsp;&hellip;  <a href=\"https:\/\/agora.xtec.cat\/ceipmisericordia-reus\/cicle-mitja\/el-rap-de-la-castanya\/\" title=\"Read El rap de la castanya\">Llegeix m\u00e9s\u00bb<\/a><\/p>\n","protected":false},"author":1,"featured_media":0,"comment_status":"open","ping_status":"closed","sticky":false,"template":"","format":"standard","meta":{"_bbp_topic_count":0,"_bbp_reply_count":0,"_bbp_total_topic_count":0,"_bbp_total_reply_count":0,"_bbp_voice_count":0,"_bbp_anonymous_reply_count":0,"_bbp_topic_count_hidden":0,"_bbp_reply_count_hidden":0,"_bbp_forum_subforum_count":0,"footnotes":""},"categories":[79,80,81],"tags":[],"class_list":["post-4683","post","type-post","status-publish","format-standard","hentry","category-cicle-mitja","category-cicle-superior","category-musica"],"post_mailing_queue_ids":[],"_links":{"self":[{"href":"https:\/\/agora.xtec.cat\/ceipmisericordia-reus\/wp-json\/wp\/v2\/posts\/4683","targetHints":{"allow":["GET"]}}],"collection":[{"href":"https:\/\/agora.xtec.cat\/ceipmisericordia-reus\/wp-json\/wp\/v2\/posts"}],"about":[{"href":"https:\/\/agora.xtec.cat\/ceipmisericordia-reus\/wp-json\/wp\/v2\/types\/post"}],"author":[{"embeddable":true,"href":"https:\/\/agora.xtec.cat\/ceipmisericordia-reus\/wp-json\/wp\/v2\/users\/1"}],"replies":[{"embeddable":true,"href":"https:\/\/agora.xtec.cat\/ceipmisericordia-reus\/wp-json\/wp\/v2\/comments?post=4683"}],"version-history":[{"count":0,"href":"https:\/\/agora.xtec.cat\/ceipmisericordia-reus\/wp-json\/wp\/v2\/posts\/4683\/revisions"}],"wp:attachment":[{"href":"https:\/\/agora.xtec.cat\/ceipmisericordia-reus\/wp-json\/wp\/v2\/media?parent=4683"}],"wp:term":[{"taxonomy":"category","embeddable":true,"href":"https:\/\/agora.xtec.cat\/ceipmisericordia-reus\/wp-json\/wp\/v2\/categories?post=4683"},{"taxonomy":"post_tag","embeddable":true,"href":"https:\/\/agora.xtec.cat\/ceipmisericordia-reus\/wp-json\/wp\/v2\/tags?post=4683"}],"curies":[{"name":"wp","href":"https:\/\/api.w.org\/{rel}","templated":true}]}}