{"id":4682,"date":"2013-11-05T12:41:00","date_gmt":"2013-11-05T11:41:00","guid":{"rendered":"https:\/\/agora.xtec.cat\/ceipmisericordia-reus\/general\/la-tardor-que-jo-conec\/"},"modified":"2013-11-05T12:41:00","modified_gmt":"2013-11-05T11:41:00","slug":"la-tardor-que-jo-conec","status":"publish","type":"post","link":"https:\/\/agora.xtec.cat\/ceipmisericordia-reus\/cicle-inicial\/la-tardor-que-jo-conec\/","title":{"rendered":"LA TARDOR QUE JO CONEC"},"content":{"rendered":"<div style=\"clear: both; text-align: center;\"><object class codebase=\"http:\/\/download.macromedia.com\/pub\/shockwave\/cabs\/flash\/swflash.cab#version=6,0,40,0\" data-thumbnail-src=\"http:\/\/img.youtube.com\/vi\/ad1CMueEYDE\/0.jpg\" height=\"266\" width=\"320\"><param name=\"movie\" value=\"http:\/\/youtube.googleapis.com\/v\/ad1CMueEYDE&#038;source=uds\" \/><param name=\"bgcolor\" value=\"#FFFFFF\" \/><param name=\"allowFullScreen\" value=\"true\" \/><embed width=\"320\" height=\"266\"  src=\"http:\/\/youtube.googleapis.com\/v\/ad1CMueEYDE&#038;source=uds\" type=\"application\/x-shockwave-flash\" allowfullscreen=\"true\"><\/embed><\/object><\/div>\n<div style=\"text-align: justify;\"><\/div>\n<div style=\"text-align: center;\"><span>Els nens i nenes de cicle inicial i cicle mitj\u00e0, a m\u00fasica han conegut m\u00e9s caracter\u00edstiques de l&#8217;estaci\u00f3 de la tardor amb la can\u00e7\u00f3 <em>La tardor que jo conec<\/em> de la D\u00e0maris Gelabert.&nbsp;<\/span><\/div>\n<div style=\"text-align: center;\"><b><span>\u00c9s molt maca i s&#8217;ho han passat molt b\u00e9 aprenent-la!<\/span><\/b><\/div>\n<p><\/p>\n","protected":false},"excerpt":{"rendered":"<p>Els nens i nenes de cicle inicial i cicle mitj\u00e0, a m\u00fasica han conegut m\u00e9s caracter\u00edstiques de l&#8217;estaci\u00f3 de la tardor amb la can\u00e7\u00f3 La tardor que jo conec de la D\u00e0maris Gelabert.&nbsp;<br \/>\n\u00c9s molt maca i s&#8217;ho han passat molt b\u00e9 aprenent-la!<\/p>\n","protected":false},"author":1,"featured_media":0,"comment_status":"open","ping_status":"closed","sticky":false,"template":"","format":"standard","meta":{"_bbp_topic_count":0,"_bbp_reply_count":0,"_bbp_total_topic_count":0,"_bbp_total_reply_count":0,"_bbp_voice_count":0,"_bbp_anonymous_reply_count":0,"_bbp_topic_count_hidden":0,"_bbp_reply_count_hidden":0,"_bbp_forum_subforum_count":0,"footnotes":""},"categories":[74,79,81],"tags":[],"class_list":["post-4682","post","type-post","status-publish","format-standard","hentry","category-cicle-inicial","category-cicle-mitja","category-musica"],"post_mailing_queue_ids":[],"_links":{"self":[{"href":"https:\/\/agora.xtec.cat\/ceipmisericordia-reus\/wp-json\/wp\/v2\/posts\/4682","targetHints":{"allow":["GET"]}}],"collection":[{"href":"https:\/\/agora.xtec.cat\/ceipmisericordia-reus\/wp-json\/wp\/v2\/posts"}],"about":[{"href":"https:\/\/agora.xtec.cat\/ceipmisericordia-reus\/wp-json\/wp\/v2\/types\/post"}],"author":[{"embeddable":true,"href":"https:\/\/agora.xtec.cat\/ceipmisericordia-reus\/wp-json\/wp\/v2\/users\/1"}],"replies":[{"embeddable":true,"href":"https:\/\/agora.xtec.cat\/ceipmisericordia-reus\/wp-json\/wp\/v2\/comments?post=4682"}],"version-history":[{"count":0,"href":"https:\/\/agora.xtec.cat\/ceipmisericordia-reus\/wp-json\/wp\/v2\/posts\/4682\/revisions"}],"wp:attachment":[{"href":"https:\/\/agora.xtec.cat\/ceipmisericordia-reus\/wp-json\/wp\/v2\/media?parent=4682"}],"wp:term":[{"taxonomy":"category","embeddable":true,"href":"https:\/\/agora.xtec.cat\/ceipmisericordia-reus\/wp-json\/wp\/v2\/categories?post=4682"},{"taxonomy":"post_tag","embeddable":true,"href":"https:\/\/agora.xtec.cat\/ceipmisericordia-reus\/wp-json\/wp\/v2\/tags?post=4682"}],"curies":[{"name":"wp","href":"https:\/\/api.w.org\/{rel}","templated":true}]}}