{"id":4680,"date":"2013-11-05T13:33:00","date_gmt":"2013-11-05T12:33:00","guid":{"rendered":"https:\/\/agora.xtec.cat\/ceipmisericordia-reus\/general\/"},"modified":"2013-11-05T13:33:00","modified_gmt":"2013-11-05T12:33:00","slug":"4680","status":"publish","type":"post","link":"https:\/\/agora.xtec.cat\/ceipmisericordia-reus\/musica\/4680\/","title":{"rendered":""},"content":{"rendered":"<div style=\"text-align: justify;\"><a href=\"http:\/\/blocs.xtec.cat\/lamotxilla\/files\/2012\/10\/boletpetit%C3%B3.jpg\" style=\"clear: right; float: right; margin-bottom: 1em; margin-left: 1em;\"><img loading=\"lazy\" decoding=\"async\" border=\"0\" src=\"http:\/\/blocs.xtec.cat\/lamotxilla\/files\/2012\/10\/boletpetit%C3%B3.jpg\" height=\"282\" width=\"400\" \/><\/a><span style=\"font-size: small;\">&nbsp;<\/span><\/div>\n<div style=\"text-align: justify;\"><\/div>\n<div style=\"text-align: justify;\"><\/div>\n<div style=\"text-align: justify;\"><\/div>\n<div style=\"text-align: justify;\"><span style=\"font-size: small;\">Els nens i nenes d&#8217;infantil tamb\u00e9 canten moltes can\u00e7onetes de la tardor, per\u00f2 aqu\u00ed us posem una que els hi&nbsp; agrada molt!!!<\/span><\/div>\n<p><\/p>\n<div style=\"clear: both; text-align: center;\"><object class codebase=\"http:\/\/download.macromedia.com\/pub\/shockwave\/cabs\/flash\/swflash.cab#version=6,0,40,0\" data-thumbnail-src=\"http:\/\/img.youtube.com\/vi\/Yluk5PXFqgU\/0.jpg\" height=\"266\" style=\"clear: left; float: left;\" width=\"320\"><param name=\"movie\" value=\"http:\/\/youtube.googleapis.com\/v\/Yluk5PXFqgU&#038;source=uds\" \/><param name=\"bgcolor\" value=\"#FFFFFF\" \/><param name=\"allowFullScreen\" value=\"true\" \/><embed width=\"320\" height=\"266\"  src=\"http:\/\/youtube.googleapis.com\/v\/Yluk5PXFqgU&#038;source=uds\" type=\"application\/x-shockwave-flash\" allowfullscreen=\"true\"><\/embed><\/object><\/div>\n<p><\/p>\n","protected":false},"excerpt":{"rendered":"<p><a href=\"http:\/\/blocs.xtec.cat\/lamotxilla\/files\/2012\/10\/boletpetit%C3%B3.jpg\" style=\"clear: right; float: right; margin-bottom: 1em; margin-left: 1em;\"><\/a>&nbsp;<\/p>\n<p>Els nens i nenes d&#8217;infantil tamb\u00e9 canten moltes can\u00e7onetes de la tardor, per\u00f2 aqu\u00ed us posem una que els hi&nbsp; agrada molt!!!<\/p>\n","protected":false},"author":1,"featured_media":0,"comment_status":"open","ping_status":"closed","sticky":false,"template":"","format":"standard","meta":{"_bbp_topic_count":0,"_bbp_reply_count":0,"_bbp_total_topic_count":0,"_bbp_total_reply_count":0,"_bbp_voice_count":0,"_bbp_anonymous_reply_count":0,"_bbp_topic_count_hidden":0,"_bbp_reply_count_hidden":0,"_bbp_forum_subforum_count":0,"footnotes":""},"categories":[81],"tags":[],"class_list":["post-4680","post","type-post","status-publish","format-standard","hentry","category-musica"],"post_mailing_queue_ids":[],"_links":{"self":[{"href":"https:\/\/agora.xtec.cat\/ceipmisericordia-reus\/wp-json\/wp\/v2\/posts\/4680","targetHints":{"allow":["GET"]}}],"collection":[{"href":"https:\/\/agora.xtec.cat\/ceipmisericordia-reus\/wp-json\/wp\/v2\/posts"}],"about":[{"href":"https:\/\/agora.xtec.cat\/ceipmisericordia-reus\/wp-json\/wp\/v2\/types\/post"}],"author":[{"embeddable":true,"href":"https:\/\/agora.xtec.cat\/ceipmisericordia-reus\/wp-json\/wp\/v2\/users\/1"}],"replies":[{"embeddable":true,"href":"https:\/\/agora.xtec.cat\/ceipmisericordia-reus\/wp-json\/wp\/v2\/comments?post=4680"}],"version-history":[{"count":0,"href":"https:\/\/agora.xtec.cat\/ceipmisericordia-reus\/wp-json\/wp\/v2\/posts\/4680\/revisions"}],"wp:attachment":[{"href":"https:\/\/agora.xtec.cat\/ceipmisericordia-reus\/wp-json\/wp\/v2\/media?parent=4680"}],"wp:term":[{"taxonomy":"category","embeddable":true,"href":"https:\/\/agora.xtec.cat\/ceipmisericordia-reus\/wp-json\/wp\/v2\/categories?post=4680"},{"taxonomy":"post_tag","embeddable":true,"href":"https:\/\/agora.xtec.cat\/ceipmisericordia-reus\/wp-json\/wp\/v2\/tags?post=4680"}],"curies":[{"name":"wp","href":"https:\/\/api.w.org\/{rel}","templated":true}]}}