{"id":4646,"date":"2013-12-18T20:02:00","date_gmt":"2013-12-18T19:02:00","guid":{"rendered":"https:\/\/agora.xtec.cat\/ceipmisericordia-reus\/general\/conte-de-nadal\/"},"modified":"2013-12-18T20:02:00","modified_gmt":"2013-12-18T19:02:00","slug":"conte-de-nadal","status":"publish","type":"post","link":"https:\/\/agora.xtec.cat\/ceipmisericordia-reus\/cicle-superior\/conte-de-nadal\/","title":{"rendered":"Conte de Nadal"},"content":{"rendered":"<p>Els alumnes de Cicle Superior hem anat a la biblioteca a escoltar el conte nadalenc dels Manel, &#8220;Un camell d&#8217;Orient&#8221;, que ha explicat la mestra Anna.<\/p>\n<div style=\"text-align: center;\"><object height=\"315\" width=\"560\"><param name=\"movie\" value=\"\/\/www.youtube.com\/v\/F0O4HD-LgEw?hl=ca_ES&amp;version=3\"><\/param><param name=\"allowFullScreen\" value=\"true\"><\/param><param name=\"allowscriptaccess\" value=\"always\"><\/param><embed src=\"\/\/www.youtube.com\/v\/F0O4HD-LgEw?hl=ca_ES&amp;version=3\" type=\"application\/x-shockwave-flash\" width=\"560\" height=\"315\" allowscriptaccess=\"always\" allowfullscreen=\"true\"><\/embed><\/object><\/div>\n<div style=\"text-align: center;\"><\/div>\n<div style=\"text-align: left;\">Tamb\u00e9 hem cantat la can\u00e7\u00f3 i quan hem acabat\u2026 Sorpresa! Ens han donat el carnet de la biblioteca de l&#8217;escola. Ara ja no tenim cap excusa per no llegir!<\/div>\n<div style=\"text-align: left;\"><\/div>\n<div style=\"clear: both; text-align: center;\"><a href=\"http:\/\/4.bp.blogspot.com\/-c4xr7Fa1ukU\/UrHw0dPGB0I\/AAAAAAAAA_8\/jwgSCZmguls\/s1600\/20131217_160744.jpg\" style=\"margin-left: 1em; margin-right: 1em;\"><img loading=\"lazy\" decoding=\"async\" border=\"0\" src=\"http:\/\/4.bp.blogspot.com\/-c4xr7Fa1ukU\/UrHw0dPGB0I\/AAAAAAAAA_8\/jwgSCZmguls\/s1600\/20131217_160744.jpg\" height=\"300\" width=\"400\" \/><\/a><\/div>\n<div style=\"clear: both; text-align: center;\"><\/div>\n<div style=\"clear: both; text-align: center;\"><a href=\"http:\/\/1.bp.blogspot.com\/--WrucnZqUs0\/UrHwxPaOhMI\/AAAAAAAAA_0\/UeTklWlNw4I\/s1600\/20131217_160258.jpg\" style=\"margin-left: 1em; margin-right: 1em;\"><img loading=\"lazy\" decoding=\"async\" border=\"0\" src=\"http:\/\/1.bp.blogspot.com\/--WrucnZqUs0\/UrHwxPaOhMI\/AAAAAAAAA_0\/UeTklWlNw4I\/s1600\/20131217_160258.jpg\" height=\"300\" width=\"400\" \/><\/a><\/div>\n","protected":false},"excerpt":{"rendered":"<p>Els alumnes de Cicle Superior hem anat a la biblioteca a escoltar el conte nadalenc dels Manel, &#8220;Un camell d&#8217;Orient&#8221;, que ha explicat la mestra Anna.<\/p>\n<p>Tamb\u00e9 hem cantat la can\u00e7\u00f3 i quan hem acabat\u2026 Sorpresa! Ens han donat el carnet de la biblioteca de l&#8217;escola.&hellip;  <a href=\"https:\/\/agora.xtec.cat\/ceipmisericordia-reus\/cicle-superior\/conte-de-nadal\/\" title=\"Read Conte de Nadal\">Llegeix m\u00e9s\u00bb<\/a><\/p>\n","protected":false},"author":1,"featured_media":0,"comment_status":"open","ping_status":"closed","sticky":false,"template":"","format":"standard","meta":{"_bbp_topic_count":0,"_bbp_reply_count":0,"_bbp_total_topic_count":0,"_bbp_total_reply_count":0,"_bbp_voice_count":0,"_bbp_anonymous_reply_count":0,"_bbp_topic_count_hidden":0,"_bbp_reply_count_hidden":0,"_bbp_forum_subforum_count":0,"footnotes":""},"categories":[80],"tags":[],"class_list":["post-4646","post","type-post","status-publish","format-standard","hentry","category-cicle-superior"],"post_mailing_queue_ids":[],"_links":{"self":[{"href":"https:\/\/agora.xtec.cat\/ceipmisericordia-reus\/wp-json\/wp\/v2\/posts\/4646","targetHints":{"allow":["GET"]}}],"collection":[{"href":"https:\/\/agora.xtec.cat\/ceipmisericordia-reus\/wp-json\/wp\/v2\/posts"}],"about":[{"href":"https:\/\/agora.xtec.cat\/ceipmisericordia-reus\/wp-json\/wp\/v2\/types\/post"}],"author":[{"embeddable":true,"href":"https:\/\/agora.xtec.cat\/ceipmisericordia-reus\/wp-json\/wp\/v2\/users\/1"}],"replies":[{"embeddable":true,"href":"https:\/\/agora.xtec.cat\/ceipmisericordia-reus\/wp-json\/wp\/v2\/comments?post=4646"}],"version-history":[{"count":0,"href":"https:\/\/agora.xtec.cat\/ceipmisericordia-reus\/wp-json\/wp\/v2\/posts\/4646\/revisions"}],"wp:attachment":[{"href":"https:\/\/agora.xtec.cat\/ceipmisericordia-reus\/wp-json\/wp\/v2\/media?parent=4646"}],"wp:term":[{"taxonomy":"category","embeddable":true,"href":"https:\/\/agora.xtec.cat\/ceipmisericordia-reus\/wp-json\/wp\/v2\/categories?post=4646"},{"taxonomy":"post_tag","embeddable":true,"href":"https:\/\/agora.xtec.cat\/ceipmisericordia-reus\/wp-json\/wp\/v2\/tags?post=4646"}],"curies":[{"name":"wp","href":"https:\/\/api.w.org\/{rel}","templated":true}]}}