{"id":4639,"date":"2014-02-04T01:08:00","date_gmt":"2014-02-04T00:08:00","guid":{"rendered":"https:\/\/agora.xtec.cat\/ceipmisericordia-reus\/general\/el-raco-de-les-expressions\/"},"modified":"2014-02-04T01:08:00","modified_gmt":"2014-02-04T00:08:00","slug":"el-raco-de-les-expressions","status":"publish","type":"post","link":"https:\/\/agora.xtec.cat\/ceipmisericordia-reus\/cicle-superior\/el-raco-de-les-expressions\/","title":{"rendered":"El rac\u00f3 de les expressions"},"content":{"rendered":"<div style=\"text-align: justify;\">El rac\u00f3 de les expressions \u00e9s un recurs en l\u00ednia, elaborat a partir de les publicacions d&#8217;en Josep Maria Calbet.&nbsp;<\/div>\n<p><\/p>\n<div style=\"clear: both; text-align: center;\"><a href=\"http:\/\/4.bp.blogspot.com\/-SZpHvd_Cf1Q\/UvAu6XTXmhI\/AAAAAAAABCA\/K-iW5LbOuWA\/s1600\/Captura+de+pantalla+2014-02-04+a+les+01.04.49.png\" style=\"margin-left: 1em; margin-right: 1em;\"><img loading=\"lazy\" decoding=\"async\" border=\"0\" src=\"http:\/\/4.bp.blogspot.com\/-SZpHvd_Cf1Q\/UvAu6XTXmhI\/AAAAAAAABCA\/K-iW5LbOuWA\/s1600\/Captura+de+pantalla+2014-02-04+a+les+01.04.49.png\" height=\"320\" width=\"208\" \/><\/a><\/div>\n<div style=\"clear: both; text-align: center;\"><a href=\"http:\/\/www.calameo.com\/read\/002093077a654917ea6ac\">http:\/\/www.calameo.com\/read\/002093077a654917ea6ac<\/a><\/div>\n<div style=\"clear: both; text-align: center;\"><\/div>\n<div style=\"clear: both; text-align: center;\"><a href=\"http:\/\/3.bp.blogspot.com\/-PgeidKmaPcA\/UvAvLG7Hj1I\/AAAAAAAABCI\/e8X61jJGUwE\/s1600\/Captura+de+pantalla+2014-02-04+a+les+01.05.03.png\" style=\"margin-left: 1em; margin-right: 1em;\"><img loading=\"lazy\" decoding=\"async\" border=\"0\" src=\"http:\/\/3.bp.blogspot.com\/-PgeidKmaPcA\/UvAvLG7Hj1I\/AAAAAAAABCI\/e8X61jJGUwE\/s1600\/Captura+de+pantalla+2014-02-04+a+les+01.05.03.png\" height=\"320\" width=\"210\" \/><\/a><\/div>\n<div style=\"clear: both; text-align: center;\"><a href=\"http:\/\/www.calameo.com\/read\/002093077dd618322e53e\">http:\/\/www.calameo.com\/read\/002093077dd618322e53e<\/a><\/div>\n<div style=\"clear: both; text-align: center;\"><\/div>\n<div style=\"clear: both; text-align: center;\"><a href=\"http:\/\/3.bp.blogspot.com\/-4igbDwBZY8w\/UvAvW-y9W1I\/AAAAAAAABCQ\/MUWxebk2hOs\/s1600\/Captura+de+pantalla+2014-02-04+a+les+01.05.30.png\" style=\"margin-left: 1em; margin-right: 1em;\"><img loading=\"lazy\" decoding=\"async\" border=\"0\" src=\"http:\/\/3.bp.blogspot.com\/-4igbDwBZY8w\/UvAvW-y9W1I\/AAAAAAAABCQ\/MUWxebk2hOs\/s1600\/Captura+de+pantalla+2014-02-04+a+les+01.05.30.png\" height=\"320\" width=\"215\" \/><\/a><\/div>\n<div style=\"clear: both; text-align: center;\"><a href=\"http:\/\/www.calameo.com\/read\/002093077ac5f394d1ea8\">http:\/\/www.calameo.com\/read\/002093077ac5f394d1ea8<\/a><\/div>\n<div style=\"clear: both; text-align: center;\"><\/div>\n<div><\/div>\n","protected":false},"excerpt":{"rendered":"<p>El rac\u00f3 de les expressions \u00e9s un recurs en l\u00ednia, elaborat a partir de les publicacions d&#8217;en Josep Maria Calbet.&nbsp;<\/p>\n<p><a href=\"http:\/\/4.bp.blogspot.com\/-SZpHvd_Cf1Q\/UvAu6XTXmhI\/AAAAAAAABCA\/K-iW5LbOuWA\/s1600\/Captura+de+pantalla+2014-02-04+a+les+01.04.49.png\" style=\"margin-left: 1em; margin-right: 1em;\"><\/a><br \/>\n<a href=\"http:\/\/www.calameo.com\/read\/002093077a654917ea6ac\">http:\/\/www.calameo.com\/read\/002093077a654917ea6ac<\/a><\/p>\n<p><a href=\"http:\/\/3.bp.blogspot.com\/-PgeidKmaPcA\/UvAvLG7Hj1I\/AAAAAAAABCI\/e8X61jJGUwE\/s1600\/Captura+de+pantalla+2014-02-04+a+les+01.05.03.png\" style=\"margin-left: 1em; margin-right: 1em;\"><\/a><br \/>\n<a href=\"http:\/\/www.calameo.com\/read\/002093077dd618322e53e\">http:\/\/www.calameo.com\/read\/002093077dd618322e53e<\/a><\/p>\n<p><a href=\"http:\/\/3.bp.blogspot.com\/-4igbDwBZY8w\/UvAvW-y9W1I\/AAAAAAAABCQ\/MUWxebk2hOs\/s1600\/Captura+de+pantalla+2014-02-04+a+les+01.05.30.png\" style=\"margin-left: 1em; margin-right: 1em;\"><\/a><br \/>\n<a href=\"http:\/\/www.calameo.com\/read\/002093077ac5f394d1ea8\">http:\/\/www.calameo.com\/read\/002093077ac5f394d1ea8<\/a><\/p>\n","protected":false},"author":1,"featured_media":0,"comment_status":"open","ping_status":"closed","sticky":false,"template":"","format":"standard","meta":{"_bbp_topic_count":0,"_bbp_reply_count":0,"_bbp_total_topic_count":0,"_bbp_total_reply_count":0,"_bbp_voice_count":0,"_bbp_anonymous_reply_count":0,"_bbp_topic_count_hidden":0,"_bbp_reply_count_hidden":0,"_bbp_forum_subforum_count":0,"footnotes":""},"categories":[80],"tags":[],"class_list":["post-4639","post","type-post","status-publish","format-standard","hentry","category-cicle-superior"],"post_mailing_queue_ids":[],"_links":{"self":[{"href":"https:\/\/agora.xtec.cat\/ceipmisericordia-reus\/wp-json\/wp\/v2\/posts\/4639","targetHints":{"allow":["GET"]}}],"collection":[{"href":"https:\/\/agora.xtec.cat\/ceipmisericordia-reus\/wp-json\/wp\/v2\/posts"}],"about":[{"href":"https:\/\/agora.xtec.cat\/ceipmisericordia-reus\/wp-json\/wp\/v2\/types\/post"}],"author":[{"embeddable":true,"href":"https:\/\/agora.xtec.cat\/ceipmisericordia-reus\/wp-json\/wp\/v2\/users\/1"}],"replies":[{"embeddable":true,"href":"https:\/\/agora.xtec.cat\/ceipmisericordia-reus\/wp-json\/wp\/v2\/comments?post=4639"}],"version-history":[{"count":0,"href":"https:\/\/agora.xtec.cat\/ceipmisericordia-reus\/wp-json\/wp\/v2\/posts\/4639\/revisions"}],"wp:attachment":[{"href":"https:\/\/agora.xtec.cat\/ceipmisericordia-reus\/wp-json\/wp\/v2\/media?parent=4639"}],"wp:term":[{"taxonomy":"category","embeddable":true,"href":"https:\/\/agora.xtec.cat\/ceipmisericordia-reus\/wp-json\/wp\/v2\/categories?post=4639"},{"taxonomy":"post_tag","embeddable":true,"href":"https:\/\/agora.xtec.cat\/ceipmisericordia-reus\/wp-json\/wp\/v2\/tags?post=4639"}],"curies":[{"name":"wp","href":"https:\/\/api.w.org\/{rel}","templated":true}]}}