{"id":4617,"date":"2014-03-03T20:25:00","date_gmt":"2014-03-03T19:25:00","guid":{"rendered":"https:\/\/agora.xtec.cat\/ceipmisericordia-reus\/general\/escacs-a-lescola\/"},"modified":"2014-03-03T20:25:00","modified_gmt":"2014-03-03T19:25:00","slug":"escacs-a-lescola","status":"publish","type":"post","link":"https:\/\/agora.xtec.cat\/ceipmisericordia-reus\/infantil\/escacs-a-lescola\/","title":{"rendered":"Escacs a l&#8217;escola"},"content":{"rendered":"<ul style=\"background-color: white; font-family: Verdana, Tahoma; font-size: 11px; line-height: 16px; list-style-position: outside; list-style-type: none; margin: 0px !important; padding: 0px !important;\">\n<li style=\"list-style-type: none; margin: 0px; padding: 1px 0px !important;\"><span style=\"background-color: transparent; background-image: url(http:\/\/premsa.gencat.cat\/pres_fsvp\/css\/img\/bullet_alt_.gif); background-position: 0px 3px; background-repeat: no-repeat no-repeat; display: inline-block; margin: 0px; padding: 0px 0px 0px 15px;\"><strong style=\"margin: 0px; padding: 0px;\"><em style=\"margin: 0px; padding: 0px;\">Escacs a l\u2019escola<\/em>&nbsp;\u00e9s un projecte que permet treballar els efectes beneficiosos dels escacs, com ara la concentraci\u00f3, la mem\u00f2ria, les habilitats ling\u00fc\u00edstiques o el c\u00e0lcul mental<\/strong><\/span><\/li>\n<\/ul>\n<div style=\"background-color: white; font-family: Verdana, Tahoma; font-size: 11px; line-height: 16px; margin: 0px; padding: 0px;\">&nbsp;<\/div>\n<ul style=\"background-color: white; font-family: Verdana, Tahoma; font-size: 11px; line-height: 16px; list-style-position: outside; list-style-type: none; margin: 0px !important; padding: 0px !important;\">\n<li style=\"list-style-type: none; margin: 0px; padding: 1px 0px !important;\"><span style=\"background-color: transparent; background-image: url(http:\/\/premsa.gencat.cat\/pres_fsvp\/css\/img\/bullet_alt_.gif); background-position: 0px 3px; background-repeat: no-repeat no-repeat; display: inline-block; margin: 0px; padding: 0px 0px 0px 15px;\"><strong style=\"margin: 0px; padding: 0px;\">La consellera d\u2019Ensenyament, Irene Rigau, ha destacat que els escacs \u201cs\u00f3n un gimn\u00e0s per la ment, una guia per aprendre a pensar, promouen la capacitat d\u2019autocr\u00edtica i s\u00f3n un aprenentatge que en pots gaudir durant tota la vida\u201d<\/strong><\/span><\/li>\n<\/ul>\n<div style=\"background-color: white; font-family: Verdana, Tahoma; font-size: 11px; line-height: 16px; margin: 0px; padding: 0px;\"><strong style=\"margin: 0px; padding: 0px;\">&nbsp;<\/strong><\/div>\n<ul style=\"background-color: white; font-family: Verdana, Tahoma; font-size: 11px; line-height: 16px; list-style-position: outside; list-style-type: none; margin: 0px !important; padding: 0px !important;\">\n<li style=\"list-style-type: none; margin: 0px; padding: 1px 0px !important;\"><span style=\"background-color: transparent; background-image: url(http:\/\/premsa.gencat.cat\/pres_fsvp\/css\/img\/bullet_alt_.gif); background-position: 0px 3px; background-repeat: no-repeat no-repeat; display: inline-block; margin: 0px; padding: 0px 0px 0px 15px;\"><strong style=\"margin: 0px; padding: 0px;\">El projecte est\u00e0 impulsat pel Departament d&#8217;Ensenyament, la Universitat de Girona, la Universitat de Lleida i la Federaci\u00f3 Catalana d\u2019Escacs<\/strong><\/span><\/li>\n<\/ul>\n<p><\/p>\n<div style=\"clear: both; text-align: center;\"><a href=\"http:\/\/1.bp.blogspot.com\/-R-bh_nVMBPk\/UxTXKMWnkVI\/AAAAAAAABJE\/H890Vy1HwZE\/s1600\/13b554ce-dbed-44b5-ad22-97201d8fefc3.jpg\" style=\"margin-left: 1em; margin-right: 1em;\"><img loading=\"lazy\" decoding=\"async\" border=\"0\" src=\"http:\/\/1.bp.blogspot.com\/-R-bh_nVMBPk\/UxTXKMWnkVI\/AAAAAAAABJE\/H890Vy1HwZE\/s1600\/13b554ce-dbed-44b5-ad22-97201d8fefc3.jpg\" height=\"213\" width=\"320\" \/><\/a><\/div>\n<p><a href=\"http:\/\/premsa.gencat.cat\/pres_fsvp\/AppJava\/notapremsavw\/detall.do?id=250911&amp;idioma=0\">http:\/\/premsa.gencat.cat\/pres_fsvp\/AppJava\/notapremsavw\/detall.do?id=250911&amp;idioma=0<\/a><\/p>\n","protected":false},"excerpt":{"rendered":"<ul style=\"background-color: white; font-family: Verdana, Tahoma; font-size: 11px; line-height: 16px; list-style-position: outside; list-style-type: none; margin: 0px !important; padding: 0px !important;\">\n<li style=\"list-style-type: none; margin: 0px; padding: 1px 0px !important;\">Escacs a l\u2019escola&nbsp;\u00e9s un projecte que permet treballar els efectes beneficiosos dels escacs, com ara la concentraci\u00f3, la&hellip;  <a href=\"https:\/\/agora.xtec.cat\/ceipmisericordia-reus\/infantil\/escacs-a-lescola\/\" title=\"Read Escacs a l&#8217;escola\">Llegeix m\u00e9s\u00bb<\/a><br \/>\n","protected":false},"author":1,"featured_media":0,"comment_status":"open","ping_status":"closed","sticky":false,"template":"","format":"standard","meta":{"_bbp_topic_count":0,"_bbp_reply_count":0,"_bbp_total_topic_count":0,"_bbp_total_reply_count":0,"_bbp_voice_count":0,"_bbp_anonymous_reply_count":0,"_bbp_topic_count_hidden":0,"_bbp_reply_count_hidden":0,"_bbp_forum_subforum_count":0,"footnotes":""},"categories":[74,79,80,2],"tags":[],"class_list":["post-4617","post","type-post","status-publish","format-standard","hentry","category-cicle-inicial","category-cicle-mitja","category-cicle-superior","category-infantil"],"post_mailing_queue_ids":[],"_links":{"self":[{"href":"https:\/\/agora.xtec.cat\/ceipmisericordia-reus\/wp-json\/wp\/v2\/posts\/4617","targetHints":{"allow":["GET"]}}],"collection":[{"href":"https:\/\/agora.xtec.cat\/ceipmisericordia-reus\/wp-json\/wp\/v2\/posts"}],"about":[{"href":"https:\/\/agora.xtec.cat\/ceipmisericordia-reus\/wp-json\/wp\/v2\/types\/post"}],"author":[{"embeddable":true,"href":"https:\/\/agora.xtec.cat\/ceipmisericordia-reus\/wp-json\/wp\/v2\/users\/1"}],"replies":[{"embeddable":true,"href":"https:\/\/agora.xtec.cat\/ceipmisericordia-reus\/wp-json\/wp\/v2\/comments?post=4617"}],"version-history":[{"count":0,"href":"https:\/\/agora.xtec.cat\/ceipmisericordia-reus\/wp-json\/wp\/v2\/posts\/4617\/revisions"}],"wp:attachment":[{"href":"https:\/\/agora.xtec.cat\/ceipmisericordia-reus\/wp-json\/wp\/v2\/media?parent=4617"}],"wp:term":[{"taxonomy":"category","embeddable":true,"href":"https:\/\/agora.xtec.cat\/ceipmisericordia-reus\/wp-json\/wp\/v2\/categories?post=4617"},{"taxonomy":"post_tag","embeddable":true,"href":"https:\/\/agora.xtec.cat\/ceipmisericordia-reus\/wp-json\/wp\/v2\/tags?post=4617"}],"curies":[{"name":"wp","href":"https:\/\/api.w.org\/{rel}","templated":true}]}}