{"id":4597,"date":"2014-03-31T14:51:00","date_gmt":"2014-03-31T12:51:00","guid":{"rendered":"https:\/\/agora.xtec.cat\/ceipmisericordia-reus\/general\/a-lescola-ens-preparem-per-sant-jordi\/"},"modified":"2014-03-31T14:51:00","modified_gmt":"2014-03-31T12:51:00","slug":"a-lescola-ens-preparem-per-sant-jordi","status":"publish","type":"post","link":"https:\/\/agora.xtec.cat\/ceipmisericordia-reus\/infantil\/a-lescola-ens-preparem-per-sant-jordi\/","title":{"rendered":"A l&#8217;escola ens preparem per Sant Jordi"},"content":{"rendered":"<div style=\"clear: both; text-align: center;\"><img loading=\"lazy\" decoding=\"async\" border=\"0\" src=\"http:\/\/1.bp.blogspot.com\/-Qoe6oCGc7Sk\/Uzlww-AbnYI\/AAAAAAAABT0\/0IJBqTA3UIM\/s1600\/dfsgfsdf.jpg\" height=\"278\" width=\"400\" \/><\/div>\n<p><\/p>\n<div style=\"clear: both; text-align: center;\"><a href=\"http:\/\/1.bp.blogspot.com\/-9TaXp3ITDFY\/UzlwxN0a4oI\/AAAAAAAABT4\/rfEQIN_KzP8\/s1600\/sfds.jpg\" style=\"margin-left: 1em; margin-right: 1em;\"><img loading=\"lazy\" decoding=\"async\" border=\"0\" src=\"http:\/\/1.bp.blogspot.com\/-9TaXp3ITDFY\/UzlwxN0a4oI\/AAAAAAAABT4\/rfEQIN_KzP8\/s1600\/sfds.jpg\" height=\"282\" width=\"400\" \/><\/a><\/div>\n<div style=\"text-align: center;\">Pels alumnes de 4rt i 6\u00e8 aqu\u00ed teniu la partitura, perqu\u00e8 pugueu repassar encara millor &nbsp;la can\u00e7\u00f3 de<i> Sant Jordi no tenia cap soldat<\/i><\/div>\n<div style=\"text-align: center;\"><i><br \/><\/i><\/div>\n<div style=\"clear: both; text-align: center;\"><a href=\"http:\/\/4.bp.blogspot.com\/-PSfCxMTCOoU\/UzlvBcJRGTI\/AAAAAAAABTc\/QOrwSmxOWBA\/s1600\/FITXES%257E1.JPG\" style=\"margin-left: 1em; margin-right: 1em;\"><img loading=\"lazy\" decoding=\"async\" border=\"0\" src=\"http:\/\/4.bp.blogspot.com\/-PSfCxMTCOoU\/UzlvBcJRGTI\/AAAAAAAABTc\/QOrwSmxOWBA\/s1600\/FITXES%257E1.JPG\" height=\"300\" width=\"400\" \/><\/a><a href=\"http:\/\/1.bp.blogspot.com\/-tiF19nfPSJ0\/UzlwKWvKX9I\/AAAAAAAABTw\/LWC0EaFryiQ\/s1600\/sant+jordi+arriba.jpg\" style=\"margin-left: 1em; margin-right: 1em;\"><img loading=\"lazy\" decoding=\"async\" border=\"0\" src=\"http:\/\/1.bp.blogspot.com\/-tiF19nfPSJ0\/UzlwKWvKX9I\/AAAAAAAABTw\/LWC0EaFryiQ\/s1600\/sant+jordi+arriba.jpg\" height=\"285\" width=\"400\" \/><\/a><\/div>\n<div style=\"clear: both; text-align: center;\"><\/div>\n<div style=\"clear: both; text-align: center;\"><\/div>\n<div style=\"text-align: center;\">&nbsp;<b>Si voleu escoltar i cantar les can\u00e7ons aneu a l&#8217;ivoox del blog i reprodu\u00efu-les totes les vegades que vulgueu!<\/b><\/div>\n<p><\/p>\n","protected":false},"excerpt":{"rendered":"<p><a href=\"http:\/\/1.bp.blogspot.com\/-9TaXp3ITDFY\/UzlwxN0a4oI\/AAAAAAAABT4\/rfEQIN_KzP8\/s1600\/sfds.jpg\" style=\"margin-left: 1em; margin-right: 1em;\"><\/a><br \/>\nPels alumnes de 4rt i 6\u00e8 aqu\u00ed teniu la partitura, perqu\u00e8 pugueu repassar encara millor &nbsp;la can\u00e7\u00f3 de Sant Jordi no tenia cap soldat<\/p>\n<p><a href=\"http:\/\/4.bp.blogspot.com\/-PSfCxMTCOoU\/UzlvBcJRGTI\/AAAAAAAABTc\/QOrwSmxOWBA\/s1600\/FITXES%257E1.JPG\" style=\"margin-left: 1em; margin-right: 1em;\"><\/a><a href=\"http:\/\/1.bp.blogspot.com\/-tiF19nfPSJ0\/UzlwKWvKX9I\/AAAAAAAABTw\/LWC0EaFryiQ\/s1600\/sant+jordi+arriba.jpg\" style=\"margin-left: 1em; margin-right: 1em;\"><\/a><\/p>\n<p>&nbsp;Si voleu escoltar i cantar les can\u00e7ons&hellip;  <a href=\"https:\/\/agora.xtec.cat\/ceipmisericordia-reus\/infantil\/a-lescola-ens-preparem-per-sant-jordi\/\" title=\"Read A l&#8217;escola ens preparem per Sant Jordi\">Llegeix m\u00e9s\u00bb<\/a><\/p>\n","protected":false},"author":1,"featured_media":0,"comment_status":"open","ping_status":"closed","sticky":false,"template":"","format":"standard","meta":{"_bbp_topic_count":0,"_bbp_reply_count":0,"_bbp_total_topic_count":0,"_bbp_total_reply_count":0,"_bbp_voice_count":0,"_bbp_anonymous_reply_count":0,"_bbp_topic_count_hidden":0,"_bbp_reply_count_hidden":0,"_bbp_forum_subforum_count":0,"footnotes":""},"categories":[74,79,80,76,2,81],"tags":[],"class_list":["post-4597","post","type-post","status-publish","format-standard","hentry","category-cicle-inicial","category-cicle-mitja","category-cicle-superior","category-festes","category-infantil","category-musica"],"post_mailing_queue_ids":[],"_links":{"self":[{"href":"https:\/\/agora.xtec.cat\/ceipmisericordia-reus\/wp-json\/wp\/v2\/posts\/4597","targetHints":{"allow":["GET"]}}],"collection":[{"href":"https:\/\/agora.xtec.cat\/ceipmisericordia-reus\/wp-json\/wp\/v2\/posts"}],"about":[{"href":"https:\/\/agora.xtec.cat\/ceipmisericordia-reus\/wp-json\/wp\/v2\/types\/post"}],"author":[{"embeddable":true,"href":"https:\/\/agora.xtec.cat\/ceipmisericordia-reus\/wp-json\/wp\/v2\/users\/1"}],"replies":[{"embeddable":true,"href":"https:\/\/agora.xtec.cat\/ceipmisericordia-reus\/wp-json\/wp\/v2\/comments?post=4597"}],"version-history":[{"count":0,"href":"https:\/\/agora.xtec.cat\/ceipmisericordia-reus\/wp-json\/wp\/v2\/posts\/4597\/revisions"}],"wp:attachment":[{"href":"https:\/\/agora.xtec.cat\/ceipmisericordia-reus\/wp-json\/wp\/v2\/media?parent=4597"}],"wp:term":[{"taxonomy":"category","embeddable":true,"href":"https:\/\/agora.xtec.cat\/ceipmisericordia-reus\/wp-json\/wp\/v2\/categories?post=4597"},{"taxonomy":"post_tag","embeddable":true,"href":"https:\/\/agora.xtec.cat\/ceipmisericordia-reus\/wp-json\/wp\/v2\/tags?post=4597"}],"curies":[{"name":"wp","href":"https:\/\/api.w.org\/{rel}","templated":true}]}}