{"id":4577,"date":"2014-05-13T12:24:00","date_gmt":"2014-05-13T10:24:00","guid":{"rendered":"https:\/\/agora.xtec.cat\/ceipmisericordia-reus\/general\/coneixes-els-teus-drets\/"},"modified":"2014-05-13T12:24:00","modified_gmt":"2014-05-13T10:24:00","slug":"coneixes-els-teus-drets","status":"publish","type":"post","link":"https:\/\/agora.xtec.cat\/ceipmisericordia-reus\/infantil\/coneixes-els-teus-drets\/","title":{"rendered":"Coneixes els teus drets?"},"content":{"rendered":"<div style=\"clear: both; text-align: center;\"><a href=\"http:\/\/jocdelsdrets.gencat.cat\/\" target=\"_blank\" rel=\"noopener noreferrer\"><img loading=\"lazy\" decoding=\"async\" alt=\"http:\/\/jocdelsdrets.gencat.cat\/\" border=\"0\" src=\"http:\/\/jocdelsdrets.gencat.cat\/assets\/files\/muro_previo.png\" height=\"356\" width=\"400\" \/><\/a><\/div>\n<div data-angle=\"0\" data-canvas-width=\"4.432103456359863\" data-font-name=\"g_font_34_0\" dir=\"ltr\" style=\"font-family: sans-serif; left: 767.387px; top: 989.986px; transform-origin: 0% 0% 0px; transform: rotate(0deg) scale(1.10803, 1);\"><span style=\"font-size: small;\">El Departament de Benestar Social i Fam\u00edlia posa a disposici\u00f3 dels centres educatius i de les fam\u00edlies&nbsp;<\/span><br \/><span style=\"font-size: small;\">un <a href=\"http:\/\/jocdelsdrets.gencat.cat\/\" target=\"_blank\" rel=\"noopener noreferrer\">joc interactiu<\/a> que permet a infants i adolescents con\u00e8ixer els seus drets i fer-ne difusi\u00f3 mitjan\u00e7ant&nbsp;<\/span><br \/><span style=\"font-size: small;\">la creaci\u00f3 d&#8217;<a href=\"http:\/\/jocdelsdrets.gencat.cat\/index.php\" target=\"_blank\" rel=\"noopener noreferrer\">un material de campanya<\/a> per compartir a les xarxes socials.<\/span><\/p>\n<\/div>\n<p><iframe loading=\"lazy\" allowfullscreen=\"\" frameborder=\"0\" height=\"360\" src=\"\/\/www.youtube.com\/embed\/mOA56uWsrJE?feature=player_embedded\" width=\"640\"><\/iframe><\/p>\n","protected":false},"excerpt":{"rendered":"<p><a href=\"http:\/\/jocdelsdrets.gencat.cat\/\" target=\"_blank\" rel=\"noopener noreferrer\"><\/a><br \/>\nEl Departament de Benestar Social i Fam\u00edlia posa a disposici\u00f3 dels centres educatius i de les fam\u00edlies&nbsp;un <a href=\"http:\/\/jocdelsdrets.gencat.cat\/\" target=\"_blank\" rel=\"noopener noreferrer\">joc interactiu<\/a> que permet a infants i adolescents con\u00e8ixer els seus drets i fer-ne difusi\u00f3 mitjan\u00e7ant&nbsp;la creaci\u00f3 d&#8217;<a href=\"http:\/\/jocdelsdrets.gencat.cat\/index.php\" target=\"_blank\"&hellip;  <a href=\"https:\/\/agora.xtec.cat\/ceipmisericordia-reus\/infantil\/coneixes-els-teus-drets\/\" title=\"Read Coneixes els teus drets?\">Llegeix m\u00e9s\u00bb<\/a><\/p>\n","protected":false},"author":1,"featured_media":0,"comment_status":"open","ping_status":"closed","sticky":false,"template":"","format":"standard","meta":{"_bbp_topic_count":0,"_bbp_reply_count":0,"_bbp_total_topic_count":0,"_bbp_total_reply_count":0,"_bbp_voice_count":0,"_bbp_anonymous_reply_count":0,"_bbp_topic_count_hidden":0,"_bbp_reply_count_hidden":0,"_bbp_forum_subforum_count":0,"footnotes":""},"categories":[74,79,80,2,75],"tags":[],"class_list":["post-4577","post","type-post","status-publish","format-standard","hentry","category-cicle-inicial","category-cicle-mitja","category-cicle-superior","category-infantil","category-pares-i-mares"],"post_mailing_queue_ids":[],"_links":{"self":[{"href":"https:\/\/agora.xtec.cat\/ceipmisericordia-reus\/wp-json\/wp\/v2\/posts\/4577","targetHints":{"allow":["GET"]}}],"collection":[{"href":"https:\/\/agora.xtec.cat\/ceipmisericordia-reus\/wp-json\/wp\/v2\/posts"}],"about":[{"href":"https:\/\/agora.xtec.cat\/ceipmisericordia-reus\/wp-json\/wp\/v2\/types\/post"}],"author":[{"embeddable":true,"href":"https:\/\/agora.xtec.cat\/ceipmisericordia-reus\/wp-json\/wp\/v2\/users\/1"}],"replies":[{"embeddable":true,"href":"https:\/\/agora.xtec.cat\/ceipmisericordia-reus\/wp-json\/wp\/v2\/comments?post=4577"}],"version-history":[{"count":0,"href":"https:\/\/agora.xtec.cat\/ceipmisericordia-reus\/wp-json\/wp\/v2\/posts\/4577\/revisions"}],"wp:attachment":[{"href":"https:\/\/agora.xtec.cat\/ceipmisericordia-reus\/wp-json\/wp\/v2\/media?parent=4577"}],"wp:term":[{"taxonomy":"category","embeddable":true,"href":"https:\/\/agora.xtec.cat\/ceipmisericordia-reus\/wp-json\/wp\/v2\/categories?post=4577"},{"taxonomy":"post_tag","embeddable":true,"href":"https:\/\/agora.xtec.cat\/ceipmisericordia-reus\/wp-json\/wp\/v2\/tags?post=4577"}],"curies":[{"name":"wp","href":"https:\/\/api.w.org\/{rel}","templated":true}]}}