{"id":4570,"date":"2014-06-03T20:11:00","date_gmt":"2014-06-03T18:11:00","guid":{"rendered":"https:\/\/agora.xtec.cat\/ceipmisericordia-reus\/general\/mirall-de-pau\/"},"modified":"2014-06-03T20:11:00","modified_gmt":"2014-06-03T18:11:00","slug":"mirall-de-pau","status":"publish","type":"post","link":"https:\/\/agora.xtec.cat\/ceipmisericordia-reus\/infantil\/mirall-de-pau\/","title":{"rendered":"MIRALL DE PAU"},"content":{"rendered":"<p><\/p>\n<div style=\"text-align: left;\">\n<div style=\"margin-bottom: .0001pt; margin: 0cm; text-align: justify;\"><b><span style=\"background-color: white; background-position: initial initial; background-repeat: initial initial; font-family: Arial, sans-serif; font-size: 13.5pt;\">La nostra escola MISERIC\u00d2RDIA tamb\u00e9 pensa que la m\u00fasica \u00e9s essencial per a l&#8217;Educaci\u00f3.<\/span><\/b><span style=\"font-size: 13.5pt;\"><o:p><\/o:p><\/span><\/div>\n<div style=\"margin: 0cm 0cm 0.0001pt;\"><\/div>\n<div style=\"margin-bottom: .0001pt; margin: 0cm; text-align: justify;\"><b><span style=\"background-color: white; background-position: initial initial; background-repeat: initial initial; font-family: Arial, sans-serif; font-size: 13.5pt;\">\u00c9s per aix\u00f2 que ens hem unit donant suport a la iniciativa que s&#8217;est\u00e0 duent a terme des del cdA Pau Casals, participant, el proper 6 de juny a les 11, en la cantada conjunta de la can\u00e7\u00f3 &#8220;Mirall de Pau&#8221;.<\/span><\/b><span style=\"font-size: 13.5pt;\"><o:p><\/o:p><\/span><\/div>\n<div style=\"margin: 0cm 0cm 0.0001pt;\"><b><span style=\"background-color: white; background-position: initial initial; background-repeat: initial initial; font-family: Arial, sans-serif; font-size: 13.5pt;\">Els nostres nens i nenes i els mestres explicarem al m\u00f3n que estimem la m\u00fasica i que volem que continu\u00ef sent indispensable en el nostre model educatiu.<\/span><\/b><span style=\"font-size: 13.5pt;\"><o:p><\/o:p><\/span><\/div>\n<div style=\"margin: 0cm 0cm 0.0001pt;\"><b><span style=\"background-color: white; background-position: initial initial; background-repeat: initial initial; font-family: Arial, sans-serif; font-size: 13.5pt;\">Moltes gr\u00e0cies &#8220;M\u00fasica&#8221; per acompanyar-nos en els moments m\u00e9s importants de la nostra vida.<\/span><\/b><span style=\"font-size: 13.5pt;\"><o:p><\/o:p><\/span><\/div>\n<div style=\"margin-bottom: .0001pt; margin: 0cm; text-align: justify;\"><\/div>\n<div style=\"line-height: 13.6pt; margin-bottom: .0001pt; margin: 0cm; text-align: justify;\"><b><span style=\"background-color: white; background-position: initial initial; background-repeat: initial initial; font-family: Arial, sans-serif; font-size: 13.5pt;\">T&#8217;estimem.<\/span><\/b><span style=\"font-family: Arial, sans-serif; font-size: 13.5pt;\"><o:p><\/o:p><\/span><\/div>\n<p><\/p>\n<div><\/div>\n<\/div>\n<p><span style=\"font-family: Arial, Tahoma, Helvetica, FreeSans, sans-serif; line-height: 20px;\"><\/span><\/p>\n<div style=\"font-size: 15px; text-align: left;\"><span style=\"font-family: Arial, Tahoma, Helvetica, FreeSans, sans-serif; line-height: 20px;\"><br \/><\/span><\/div>\n<p><span style=\"font-family: Arial, Tahoma, Helvetica, FreeSans, sans-serif; line-height: 20px;\"><\/p>\n<div style=\"background-color: white; clear: both; color: #737373; font-size: 15px; text-align: center;\"><object class codebase=\"http:\/\/download.macromedia.com\/pub\/shockwave\/cabs\/flash\/swflash.cab#version=6,0,40,0\" data-thumbnail-src=\"https:\/\/ytimg.googleusercontent.com\/vi\/TX0W4sxV0cY\/0.jpg\" height=\"266\" width=\"320\"><param name=\"movie\" value=\"https:\/\/youtube.googleapis.com\/v\/TX0W4sxV0cY&#038;source=uds\" \/><param name=\"bgcolor\" value=\"#FFFFFF\" \/><param name=\"allowFullScreen\" value=\"true\" \/><embed width=\"320\" height=\"266\"  src=\"https:\/\/youtube.googleapis.com\/v\/TX0W4sxV0cY&#038;source=uds\" type=\"application\/x-shockwave-flash\" allowfullscreen=\"true\"><\/embed><\/object><\/div>\n<div style=\"background-color: white; color: #737373; font-size: 15px; text-align: left;\"><\/div>\n<p><\/span><\/p>\n","protected":false},"excerpt":{"rendered":"<p>La nostra escola MISERIC\u00d2RDIA tamb\u00e9 pensa que la m\u00fasica \u00e9s essencial per a l&#8217;Educaci\u00f3.<\/p>\n<p>\u00c9s per aix\u00f2 que ens hem unit donant suport a la iniciativa que s&#8217;est\u00e0 duent a terme des del cdA Pau Casals, participant, el proper 6 de juny a les 11, en&hellip;  <a href=\"https:\/\/agora.xtec.cat\/ceipmisericordia-reus\/infantil\/mirall-de-pau\/\" title=\"Read MIRALL DE PAU\">Llegeix m\u00e9s\u00bb<\/a><\/p>\n","protected":false},"author":1,"featured_media":0,"comment_status":"open","ping_status":"closed","sticky":false,"template":"","format":"standard","meta":{"_bbp_topic_count":0,"_bbp_reply_count":0,"_bbp_total_topic_count":0,"_bbp_total_reply_count":0,"_bbp_voice_count":0,"_bbp_anonymous_reply_count":0,"_bbp_topic_count_hidden":0,"_bbp_reply_count_hidden":0,"_bbp_forum_subforum_count":0,"footnotes":""},"categories":[74,79,80,2,81],"tags":[],"class_list":["post-4570","post","type-post","status-publish","format-standard","hentry","category-cicle-inicial","category-cicle-mitja","category-cicle-superior","category-infantil","category-musica"],"post_mailing_queue_ids":[],"_links":{"self":[{"href":"https:\/\/agora.xtec.cat\/ceipmisericordia-reus\/wp-json\/wp\/v2\/posts\/4570","targetHints":{"allow":["GET"]}}],"collection":[{"href":"https:\/\/agora.xtec.cat\/ceipmisericordia-reus\/wp-json\/wp\/v2\/posts"}],"about":[{"href":"https:\/\/agora.xtec.cat\/ceipmisericordia-reus\/wp-json\/wp\/v2\/types\/post"}],"author":[{"embeddable":true,"href":"https:\/\/agora.xtec.cat\/ceipmisericordia-reus\/wp-json\/wp\/v2\/users\/1"}],"replies":[{"embeddable":true,"href":"https:\/\/agora.xtec.cat\/ceipmisericordia-reus\/wp-json\/wp\/v2\/comments?post=4570"}],"version-history":[{"count":0,"href":"https:\/\/agora.xtec.cat\/ceipmisericordia-reus\/wp-json\/wp\/v2\/posts\/4570\/revisions"}],"wp:attachment":[{"href":"https:\/\/agora.xtec.cat\/ceipmisericordia-reus\/wp-json\/wp\/v2\/media?parent=4570"}],"wp:term":[{"taxonomy":"category","embeddable":true,"href":"https:\/\/agora.xtec.cat\/ceipmisericordia-reus\/wp-json\/wp\/v2\/categories?post=4570"},{"taxonomy":"post_tag","embeddable":true,"href":"https:\/\/agora.xtec.cat\/ceipmisericordia-reus\/wp-json\/wp\/v2\/tags?post=4570"}],"curies":[{"name":"wp","href":"https:\/\/api.w.org\/{rel}","templated":true}]}}