{"id":4560,"date":"2014-09-15T20:50:00","date_gmt":"2014-09-15T18:50:00","guid":{"rendered":"https:\/\/agora.xtec.cat\/ceipmisericordia-reus\/general\/comunicat-taller-sobre-mobilitat-sostenible\/"},"modified":"2014-09-15T20:50:00","modified_gmt":"2014-09-15T18:50:00","slug":"comunicat-taller-sobre-mobilitat-sostenible","status":"publish","type":"post","link":"https:\/\/agora.xtec.cat\/ceipmisericordia-reus\/comunicats\/comunicat-taller-sobre-mobilitat-sostenible\/","title":{"rendered":"COMUNICAT: Taller sobre mobilitat sostenible"},"content":{"rendered":"<p><!--[if !mso]><![endif]--><span style=\"font-family: inherit;\"><\/span><br \/><!--[if gte mso 9]><xml> <w:WordDocument>  <w:View>Normal<\/w:View>  <w:Zoom>0<\/w:Zoom>  <w:TrackMoves\/>  <w:TrackFormatting\/>  <w:HyphenationZone>21<\/w:HyphenationZone>  <w:PunctuationKerning\/>  <w:ValidateAgainstSchemas\/>  <w:SaveIfXMLInval>false<\/w:SaveIfXMLInvalid>  <w:IgnoreMixedContent>false<\/w:IgnoreMixedContent>  <w:AlwaysShowPlaceholderText>false<\/w:AlwaysShowPlaceholderText>  <w:DoNotPromoteQF\/>  <w:LidThemeOther>ES<\/w:LidThemeOther>  <w:LidThemeAsian>X-NONE<\/w:LidThemeAsian>  <w:LidThemeComplexScript>X-NONE<\/w:LidThemeComplexScript>  <w:Compatibility>   <w:BreakWrappedTables\/>   <w:SnapToGridInCell\/>   <w:WrapTextWithPunct\/>   <w:UseAsianBreakRules\/>   <w:DontGrowAutofit\/>   <w:SplitPgBreakAndParaMark\/>   <w:DontVertAlignCellWithSp\/>   <w:DontBreakConstrainedForcedTables\/>   <w:DontVertAlignInTxbx\/>   <w:Word11KerningPairs\/>   <w:CachedColBalance\/>  <\/w:Compatibility>  <w:BrowserLevel>MicrosoftInternetExplorer4<\/w:BrowserLevel>  <m:mathPr>   <m:mathFont m:val=\"Cambria Math\"\/>   <m:brkBin m:val=\"before\"\/>   <m:brkBinSub m:val=\"&#45;-\"\/>   <m:smallFrac m:val=\"off\"\/>   <m:dispDef\/>   <m:lMargin m:val=\"0\"\/>   <m:rMargin m:val=\"0\"\/>   <m:defJc m:val=\"centerGroup\"\/>   <m:wrapIndent m:val=\"1440\"\/>   <m:intLim m:val=\"subSup\"\/>   <m:naryLim m:val=\"undOvr\"\/>  <\/m:mathPr><\/w:WordDocument><\/xml><![endif]--><span style=\"font-family: inherit;\"><span lang=\"CA\">Benvolgudes fam\u00edlies,<\/span><\/span><\/p>\n<div style=\"line-height: 12.0pt; mso-line-height-rule: exactly; tab-stops: 1.0cm right 425.2pt; text-align: justify;\"><span style=\"font-family: inherit;\"><br \/><\/span><\/div>\n<div style=\"line-height: 12.0pt; mso-line-height-rule: exactly; tab-stops: 1.0cm right 425.2pt; text-align: justify;\"><span style=\"font-family: inherit;\"><a href=\"http:\/\/4.bp.blogspot.com\/-6BVVL80U4fA\/VBdAoBjr6rI\/AAAAAAAACPM\/7Bkt7NgKxh4\/s1600\/bici.jpg\" style=\"clear: right; float: right; margin-bottom: 1em; margin-left: 1em;\"><img loading=\"lazy\" decoding=\"async\" border=\"0\" src=\"http:\/\/4.bp.blogspot.com\/-6BVVL80U4fA\/VBdAoBjr6rI\/AAAAAAAACPM\/7Bkt7NgKxh4\/s1600\/bici.jpg\" height=\"200\" width=\"199\" \/><\/a><span lang=\"CA\">Us comuniquem que el proper<b style=\"mso-bidi-font-weight: normal;\"> dijous 18 de setembre a la tarda,<\/b>el <b style=\"mso-bidi-font-weight: normal;\">Club Nataci\u00f3 Reus Ploms<\/b> oferir\u00e0 als alumnes m\u00e9s grans la oportunitat de participar al Taller gratu\u00eft sobre <b style=\"mso-bidi-font-weight: normal;\">\u201cMobilitat Sostenible\u201d<\/b> a la nostra escola.<\/span><\/span><\/div>\n<div style=\"line-height: 12.0pt; mso-line-height-rule: exactly; tab-stops: 1.0cm right 425.2pt; text-align: justify;\"><span style=\"font-family: inherit;\"><br \/><\/span><\/div>\n<div style=\"line-height: 12.0pt; mso-line-height-rule: exactly; tab-stops: 1.0cm right 425.2pt; text-align: justify;\"><span style=\"font-family: inherit;\"><span lang=\"CA\">Per aquest motiu l\u2019alumnat de <b style=\"mso-bidi-font-weight: normal;\">4t \u2013 5\u00e8 \u2013 6\u00e8<\/b> que en tinguin, haurien de portar <b style=\"mso-bidi-font-weight: normal;\">una<\/b> <b style=\"mso-bidi-font-weight: normal;\">bicicleta o un patinet. <\/b><\/span><\/span><\/div>\n<div style=\"line-height: 12.0pt; mso-line-height-rule: exactly; tab-stops: 1.0cm right 425.2pt; text-align: justify;\"><span style=\"font-family: inherit;\"><br \/><\/span><\/div>\n<div style=\"line-height: 12.0pt; mso-line-height-rule: exactly; tab-stops: 1.0cm right 425.2pt; text-align: justify;\"><span style=\"font-family: inherit;\"><span lang=\"CA\">Atentament<\/span><\/span><\/div>\n<div style=\"line-height: 12.0pt; mso-line-height-rule: exactly; tab-stops: 1.0cm right 425.2pt; text-align: justify;\"><span style=\"font-family: inherit;\"><br \/><\/span><\/div>\n<div style=\"line-height: 12.0pt; mso-line-height-rule: exactly; tab-stops: 1.0cm right 425.2pt; text-align: justify;\"><span style=\"font-family: inherit;\"><span lang=\"CA\">La Direcci\u00f3<span style=\"mso-spacerun: yes;\">&nbsp;&nbsp;&nbsp;&nbsp;&nbsp;&nbsp;&nbsp;&nbsp; <\/span><span style=\"mso-spacerun: yes;\">&nbsp;&nbsp;&nbsp;&nbsp;&nbsp;<\/span><\/span><span lang=\"CA\" style=\"mso-bidi-font-size: 11.0pt;\"><span style=\"mso-spacerun: yes;\">&nbsp;&nbsp;&nbsp;&nbsp;&nbsp;&nbsp;&nbsp;&nbsp;&nbsp;&nbsp;&nbsp;&nbsp;&nbsp;&nbsp;&nbsp;&nbsp;&nbsp;&nbsp;<\/span><span style=\"mso-spacerun: yes;\">&nbsp;&nbsp;&nbsp;&nbsp;&nbsp;&nbsp;&nbsp;&nbsp;&nbsp;&nbsp;&nbsp;&nbsp;&nbsp;&nbsp;&nbsp;&nbsp;&nbsp;&nbsp;&nbsp;&nbsp;&nbsp;&nbsp;&nbsp;&nbsp;&nbsp;&nbsp;&nbsp;&nbsp;&nbsp;&nbsp;&nbsp;&nbsp;&nbsp;&nbsp;&nbsp;&nbsp;&nbsp;&nbsp;&nbsp;&nbsp;&nbsp;&nbsp;&nbsp;&nbsp;&nbsp;&nbsp;&nbsp;&nbsp;&nbsp;<\/span><\/span><\/span><\/div>\n<div style=\"margin-left: -21.3pt; text-align: center;\"><span style=\"font-family: inherit;\"><span lang=\"CA\" style=\"mso-bidi-font-size: 11.0pt;\"><span style=\"mso-spacerun: yes;\">&nbsp;&nbsp;&nbsp;&nbsp;&nbsp;&nbsp;&nbsp;&nbsp;&nbsp;&nbsp;&nbsp;&nbsp;&nbsp;&nbsp;&nbsp;&nbsp;&nbsp;&nbsp;&nbsp;&nbsp;&nbsp;&nbsp;&nbsp;&nbsp;&nbsp;&nbsp;&nbsp;&nbsp;&nbsp;&nbsp;&nbsp;&nbsp;&nbsp;&nbsp;&nbsp;&nbsp;&nbsp;&nbsp;&nbsp;&nbsp;&nbsp;&nbsp;&nbsp;&nbsp;&nbsp;&nbsp;&nbsp;&nbsp;&nbsp;&nbsp;&nbsp;&nbsp;&nbsp;&nbsp;&nbsp;&nbsp;&nbsp;&nbsp;&nbsp;&nbsp;&nbsp;&nbsp;&nbsp;&nbsp;&nbsp;&nbsp;&nbsp;&nbsp;&nbsp;&nbsp;&nbsp;&nbsp;&nbsp;&nbsp;&nbsp;&nbsp;&nbsp;&nbsp;&nbsp;&nbsp;&nbsp;&nbsp;&nbsp;&nbsp;&nbsp;&nbsp;&nbsp;&nbsp;&nbsp;&nbsp;&nbsp;&nbsp;&nbsp;&nbsp;&nbsp;&nbsp;&nbsp;&nbsp;&nbsp;&nbsp;&nbsp;&nbsp;&nbsp;&nbsp;&nbsp;&nbsp;&nbsp;&nbsp;&nbsp;&nbsp;&nbsp;&nbsp;&nbsp;&nbsp;&nbsp;<\/span><span style=\"mso-spacerun: yes;\">&nbsp;&nbsp;&nbsp;&nbsp;&nbsp;&nbsp; <\/span>&nbsp;<\/span><\/span><\/p>\n<div style=\"text-align: center;\"><\/div>\n<div style=\"text-align: right;\"><span style=\"font-family: inherit;\"><span lang=\"CA\" style=\"mso-bidi-font-size: 11.0pt;\">Reus a 15 de setembre de 2014<\/span><\/span><\/div>\n<\/div>\n","protected":false},"excerpt":{"rendered":"<p>Benvolgudes fam\u00edlies,<\/p>\n<p><a href=\"http:\/\/4.bp.blogspot.com\/-6BVVL80U4fA\/VBdAoBjr6rI\/AAAAAAAACPM\/7Bkt7NgKxh4\/s1600\/bici.jpg\" style=\"clear: right; float: right; margin-bottom: 1em; margin-left: 1em;\"><\/a>Us comuniquem que el proper dijous 18 de setembre a la tarda,el Club Nataci\u00f3 Reus Ploms oferir\u00e0 als alumnes m\u00e9s grans la oportunitat de participar al Taller gratu\u00eft sobre \u201cMobilitat Sostenible\u201d a la nostra escola.<\/p>\n<p>Per&hellip;  <a href=\"https:\/\/agora.xtec.cat\/ceipmisericordia-reus\/comunicats\/comunicat-taller-sobre-mobilitat-sostenible\/\" title=\"Read COMUNICAT: Taller sobre mobilitat sostenible\">Llegeix m\u00e9s\u00bb<\/a><\/p>\n","protected":false},"author":1,"featured_media":0,"comment_status":"open","ping_status":"closed","sticky":false,"template":"","format":"standard","meta":{"_bbp_topic_count":0,"_bbp_reply_count":0,"_bbp_total_topic_count":0,"_bbp_total_reply_count":0,"_bbp_voice_count":0,"_bbp_anonymous_reply_count":0,"_bbp_topic_count_hidden":0,"_bbp_reply_count_hidden":0,"_bbp_forum_subforum_count":0,"footnotes":""},"categories":[86],"tags":[],"class_list":["post-4560","post","type-post","status-publish","format-standard","hentry","category-comunicats"],"post_mailing_queue_ids":[],"_links":{"self":[{"href":"https:\/\/agora.xtec.cat\/ceipmisericordia-reus\/wp-json\/wp\/v2\/posts\/4560","targetHints":{"allow":["GET"]}}],"collection":[{"href":"https:\/\/agora.xtec.cat\/ceipmisericordia-reus\/wp-json\/wp\/v2\/posts"}],"about":[{"href":"https:\/\/agora.xtec.cat\/ceipmisericordia-reus\/wp-json\/wp\/v2\/types\/post"}],"author":[{"embeddable":true,"href":"https:\/\/agora.xtec.cat\/ceipmisericordia-reus\/wp-json\/wp\/v2\/users\/1"}],"replies":[{"embeddable":true,"href":"https:\/\/agora.xtec.cat\/ceipmisericordia-reus\/wp-json\/wp\/v2\/comments?post=4560"}],"version-history":[{"count":0,"href":"https:\/\/agora.xtec.cat\/ceipmisericordia-reus\/wp-json\/wp\/v2\/posts\/4560\/revisions"}],"wp:attachment":[{"href":"https:\/\/agora.xtec.cat\/ceipmisericordia-reus\/wp-json\/wp\/v2\/media?parent=4560"}],"wp:term":[{"taxonomy":"category","embeddable":true,"href":"https:\/\/agora.xtec.cat\/ceipmisericordia-reus\/wp-json\/wp\/v2\/categories?post=4560"},{"taxonomy":"post_tag","embeddable":true,"href":"https:\/\/agora.xtec.cat\/ceipmisericordia-reus\/wp-json\/wp\/v2\/tags?post=4560"}],"curies":[{"name":"wp","href":"https:\/\/api.w.org\/{rel}","templated":true}]}}