{"id":4559,"date":"2014-09-17T12:30:00","date_gmt":"2014-09-17T10:30:00","guid":{"rendered":"https:\/\/agora.xtec.cat\/ceipmisericordia-reus\/general\/comunicat-per-a-les-families-de-quart-de-primaria\/"},"modified":"2014-09-17T12:30:00","modified_gmt":"2014-09-17T10:30:00","slug":"comunicat-per-a-les-families-de-quart-de-primaria","status":"publish","type":"post","link":"https:\/\/agora.xtec.cat\/ceipmisericordia-reus\/comunicats\/comunicat-per-a-les-families-de-quart-de-primaria\/","title":{"rendered":"Comunicat per a les fam\u00edlies de quart de prim\u00e0ria"},"content":{"rendered":"<div style=\"text-align: left;\"><!--[if gte mso 9]><xml> <w:WordDocument>  <w:View>Normal<\/w:View>  <w:Zoom>0<\/w:Zoom>  <w:TrackMoves\/>  <w:TrackFormatting\/>  <w:HyphenationZone>21<\/w:HyphenationZone>  <w:PunctuationKerning\/>  <w:ValidateAgainstSchemas\/>  <w:SaveIfXMLInval>false<\/w:SaveIfXMLInvalid>  <w:IgnoreMixedContent>false<\/w:IgnoreMixedContent>  <w:AlwaysShowPlaceholderText>false<\/w:AlwaysShowPlaceholderText>  <w:DoNotPromoteQF\/>  <w:LidThemeOther>ES<\/w:LidThemeOther>  <w:LidThemeAsian>X-NONE<\/w:LidThemeAsian>  <w:LidThemeComplexScript>X-NONE<\/w:LidThemeComplexScript>  <w:Compatibility>   <w:BreakWrappedTables\/>   <w:SnapToGridInCell\/>   <w:WrapTextWithPunct\/>   <w:UseAsianBreakRules\/>   <w:DontGrowAutofit\/>   <w:SplitPgBreakAndParaMark\/>   <w:DontVertAlignCellWithSp\/>   <w:DontBreakConstrainedForcedTables\/>   <w:DontVertAlignInTxbx\/>   <w:Word11KerningPairs\/>   <w:CachedColBalance\/>  <\/w:Compatibility>  <w:BrowserLevel>MicrosoftInternetExplorer4<\/w:BrowserLevel>  <m:mathPr>   <m:mathFont m:val=\"Cambria Math\"\/>   <m:brkBin m:val=\"before\"\/>   <m:brkBinSub m:val=\"&#45;-\"\/>   <m:smallFrac m:val=\"off\"\/>   <m:dispDef\/>   <m:lMargin m:val=\"0\"\/>   <m:rMargin m:val=\"0\"\/>   <m:defJc m:val=\"centerGroup\"\/>   <m:wrapIndent m:val=\"1440\"\/>   <m:intLim m:val=\"subSup\"\/>   <m:naryLim m:val=\"undOvr\"\/>  <\/m:mathPr><\/w:WordDocument><\/xml><![endif]--> <\/p>\n<div style=\"tab-stops: 35.4pt;\"><span lang=\"CA\" style=\"font-size: 13.0pt; mso-bidi-font-size: 10.0pt;\">22-09-2014<\/span><br \/><span lang=\"CA\" style=\"font-size: 13.0pt; mso-bidi-font-size: 10.0pt;\">L&#8217;entitat que organitza aquesta activitat ens ha informat que ha quedat ajornada per al proper mes d&#8217;octubre. <\/span><br \/><span lang=\"CA\" style=\"font-size: 13.0pt; mso-bidi-font-size: 10.0pt;\">&nbsp; <\/span><br \/><span lang=\"CA\" style=\"font-size: 13.0pt; mso-bidi-font-size: 10.0pt;\">Benvolgudes fam\u00edlies,<\/span><\/div>\n<div style=\"line-height: 150%; tab-stops: 35.4pt; text-align: justify;\"><\/div>\n<div style=\"line-height: 150%; text-align: justify;\"><span lang=\"CA\" style=\"font-size: 13.0pt; line-height: 150%; mso-bidi-font-size: 10.0pt;\">Ens complau comunicar-vos que el proper dilluns, <b style=\"mso-bidi-font-weight: normal;\">dia 22 de setembre a les <span style=\"mso-bidi-font-weight: bold;\">18h <\/span><\/b><span style=\"mso-bidi-font-weight: bold;\">es realitzar\u00e0 a la Biblioteca Central Xavier Amor\u00f3s<\/span>&nbsp; <span style=\"mso-bidi-font-weight: bold;\">la presentaci\u00f3 i entrega<span style=\"mso-spacerun: yes;\">&nbsp; <\/span>als seus autors de la guia <b>Reus de la m\u00e0 dels seus infants<\/b>. Aquest acte est\u00e0 previst com un dels destacats per al p\u00fablic infantil dins el programa de la Festa Major de Miseric\u00f2rdia. Ens hi acompanyaran les autoritats i les institucions que han fet possible aquest projecte. <\/span><\/span><\/div>\n<div style=\"line-height: 150%; text-align: justify;\"><\/div>\n<div style=\"line-height: 150%; text-align: justify;\"><span lang=\"CA\" style=\"font-size: 13.0pt; line-height: 150%; mso-bidi-font-size: 10.0pt; mso-bidi-font-weight: bold;\">Al final de l\u2019acte, la regidora d\u2019Ensenyament entregar\u00e0 les guies als mestres participants i despr\u00e9s es lliuraran, tamb\u00e9, a tots els nens i nenes que han fet els dibuixos.<\/span><\/div>\n<div style=\"line-height: 150%; text-align: justify;\"><\/div>\n<div style=\"line-height: 150%; text-align: justify;\"><span lang=\"CA\" style=\"font-size: 13.0pt; line-height: 150%; mso-bidi-font-size: 10.0pt; mso-bidi-font-weight: bold;\">&nbsp;Tots els alumnes de quart que van participar en aquesta activitat hi s\u00f3n convidats, aix\u00ed com els seus acompanyants. Tots aquells que hi vulgueu assistir ens haur\u00edeu de fer arribar la butlleta adjunta abans del divendres dia 19 de setembre, ja que l\u2019aforament \u00e9s limitat.<\/span><\/div>\n<div style=\"line-height: 150%; text-align: justify;\"><\/div>\n<div style=\"line-height: 150%; text-align: justify;\"><span lang=\"CA\" style=\"font-size: 13.0pt; line-height: 150%; mso-bidi-font-size: 10.0pt; mso-bidi-font-weight: bold;\">La tutora<\/span><\/div>\n<div style=\"line-height: 150%; text-align: justify;\"><\/div>\n<div style=\"line-height: 150%; text-align: center;\"><span lang=\"CA\" style=\"font-size: 13.0pt; line-height: 150%; mso-bidi-font-size: 10.0pt; mso-bidi-font-weight: bold;\">&#8230;&#8230;&#8230;&#8230;&#8230;&#8230;&#8230;&#8230;&#8230;&#8230;&#8230;&#8230;&#8230;&#8230;&#8230;&#8230;&#8230;&#8230;&#8230;&#8230;&#8230;&#8230;&#8230;&#8230;&#8230;&#8230;&#8230;&#8230;&#8230;&#8230;&#8230;&#8230;&#8230;&#8230;&#8230;&#8230;&#8230;&#8230;&#8230;&#8230;&#8230;&#8230;&#8230;&#8230;&#8230;&#8230;&#8230;&#8230;&#8230;&#8230;&#8230;<\/span><\/div>\n<div style=\"line-height: 200%; tab-stops: 35.4pt; text-align: justify;\"><span lang=\"CA\" style=\"font-size: 13.0pt; line-height: 200%; mso-bidi-font-size: 10.0pt; mso-bidi-font-weight: bold;\">L\u2019alumne\/a:&#8230;&#8230;&#8230;&#8230;&#8230;&#8230;&#8230;&#8230;&#8230;&#8230;&#8230;&#8230;&#8230;&#8230;&#8230;.assistir\u00e0, el proper dilluns, dia 22 de setembre, a les 18h a la presentaci\u00f3 de la guia <b>Reus de la m\u00e0 dels seus infants<\/b>, acompanyat\/da de&#8230;&#8230;&#8230;&#8230;&#8230;&#8230;&#8230;&#8230;.familiars.<\/span><\/div>\n<\/div>\n<p><!--[if gte mso 9]><xml> <w:WordDocument>  <w:View>Normal<\/w:View>  <w:Zoom>0<\/w:Zoom>  <w:TrackMoves\/>  <w:TrackFormatting\/>  <w:HyphenationZone>21<\/w:HyphenationZone>  <w:PunctuationKerning\/>  <w:ValidateAgainstSchemas\/>  <w:SaveIfXMLInval>false<\/w:SaveIfXMLInvalid>  <w:IgnoreMixedContent>false<\/w:IgnoreMixedContent>  <w:AlwaysShowPlaceholderText>false<\/w:AlwaysShowPlaceholderText>  <w:DoNotPromoteQF\/>  <w:LidThemeOther>ES<\/w:LidThemeOther>  <w:LidThemeAsian>X-NONE<\/w:LidThemeAsian>  <w:LidThemeComplexScript>X-NONE<\/w:LidThemeComplexScript>  <w:Compatibility>   <w:BreakWrappedTables\/>   <w:SnapToGridInCell\/>   <w:WrapTextWithPunct\/>   <w:UseAsianBreakRules\/>   <w:DontGrowAutofit\/>   <w:SplitPgBreakAndParaMark\/>   <w:DontVertAlignCellWithSp\/>   <w:DontBreakConstrainedForcedTables\/>   <w:DontVertAlignInTxbx\/>   <w:Word11KerningPairs\/>   <w:CachedColBalance\/>  <\/w:Compatibility>  <w:BrowserLevel>MicrosoftInternetExplorer4<\/w:BrowserLevel>  <m:mathPr>   <m:mathFont m:val=\"Cambria Math\"\/>   <m:brkBin m:val=\"before\"\/>   <m:brkBinSub m:val=\"&#45;-\"\/>   <m:smallFrac m:val=\"off\"\/>   <m:dispDef\/>   <m:lMargin m:val=\"0\"\/>   <m:rMargin m:val=\"0\"\/>   <m:defJc m:val=\"centerGroup\"\/>   <m:wrapIndent m:val=\"1440\"\/>   <m:intLim m:val=\"subSup\"\/>   <m:naryLim m:val=\"undOvr\"\/>  <\/m:mathPr><\/w:WordDocument><\/xml><![endif]--><\/p>\n","protected":false},"excerpt":{"rendered":"<p>\n22-09-2014L&#8217;entitat que organitza aquesta activitat ens ha informat que ha quedat ajornada per al proper mes d&#8217;octubre. &nbsp; Benvolgudes fam\u00edlies,<\/p>\n<p>Ens complau comunicar-vos que el proper dilluns, dia 22 de setembre a les 18h es realitzar\u00e0 a la Biblioteca Central Xavier Amor\u00f3s&nbsp; la presentaci\u00f3 i&hellip;  <a href=\"https:\/\/agora.xtec.cat\/ceipmisericordia-reus\/comunicats\/comunicat-per-a-les-families-de-quart-de-primaria\/\" title=\"Read Comunicat per a les fam\u00edlies de quart de prim\u00e0ria\">Llegeix m\u00e9s\u00bb<\/a><\/p>\n","protected":false},"author":1,"featured_media":0,"comment_status":"open","ping_status":"closed","sticky":false,"template":"","format":"standard","meta":{"_bbp_topic_count":0,"_bbp_reply_count":0,"_bbp_total_topic_count":0,"_bbp_total_reply_count":0,"_bbp_voice_count":0,"_bbp_anonymous_reply_count":0,"_bbp_topic_count_hidden":0,"_bbp_reply_count_hidden":0,"_bbp_forum_subforum_count":0,"footnotes":""},"categories":[86],"tags":[],"class_list":["post-4559","post","type-post","status-publish","format-standard","hentry","category-comunicats"],"post_mailing_queue_ids":[],"_links":{"self":[{"href":"https:\/\/agora.xtec.cat\/ceipmisericordia-reus\/wp-json\/wp\/v2\/posts\/4559","targetHints":{"allow":["GET"]}}],"collection":[{"href":"https:\/\/agora.xtec.cat\/ceipmisericordia-reus\/wp-json\/wp\/v2\/posts"}],"about":[{"href":"https:\/\/agora.xtec.cat\/ceipmisericordia-reus\/wp-json\/wp\/v2\/types\/post"}],"author":[{"embeddable":true,"href":"https:\/\/agora.xtec.cat\/ceipmisericordia-reus\/wp-json\/wp\/v2\/users\/1"}],"replies":[{"embeddable":true,"href":"https:\/\/agora.xtec.cat\/ceipmisericordia-reus\/wp-json\/wp\/v2\/comments?post=4559"}],"version-history":[{"count":0,"href":"https:\/\/agora.xtec.cat\/ceipmisericordia-reus\/wp-json\/wp\/v2\/posts\/4559\/revisions"}],"wp:attachment":[{"href":"https:\/\/agora.xtec.cat\/ceipmisericordia-reus\/wp-json\/wp\/v2\/media?parent=4559"}],"wp:term":[{"taxonomy":"category","embeddable":true,"href":"https:\/\/agora.xtec.cat\/ceipmisericordia-reus\/wp-json\/wp\/v2\/categories?post=4559"},{"taxonomy":"post_tag","embeddable":true,"href":"https:\/\/agora.xtec.cat\/ceipmisericordia-reus\/wp-json\/wp\/v2\/tags?post=4559"}],"curies":[{"name":"wp","href":"https:\/\/api.w.org\/{rel}","templated":true}]}}