{"id":4555,"date":"2014-10-01T10:53:00","date_gmt":"2014-10-01T08:53:00","guid":{"rendered":"https:\/\/agora.xtec.cat\/ceipmisericordia-reus\/general\/comunicat-de-lampa-activitats-extraescolars\/"},"modified":"2014-10-01T10:53:00","modified_gmt":"2014-10-01T08:53:00","slug":"comunicat-de-lampa-activitats-extraescolars","status":"publish","type":"post","link":"https:\/\/agora.xtec.cat\/ceipmisericordia-reus\/comunicats\/comunicat-de-lampa-activitats-extraescolars\/","title":{"rendered":"Comunicat de l&#8217;AMPA: Activitats extraescolars"},"content":{"rendered":"<div style=\"line-height: 115%; margin-bottom: .0001pt; margin-bottom: 0cm; text-align: justify;\"><span lang=\"CA\"><!--[if !mso]><![endif]--><\/span><\/div>\n<div style=\"clear: both; text-align: left;\"><a href=\"http:\/\/3.bp.blogspot.com\/-5crvNEUkdQg\/VCvO87uJM2I\/AAAAAAAACRI\/GABVvAMieNY\/s1600\/ampa.png\" style=\"margin-left: 1em; margin-right: 1em;\"><img loading=\"lazy\" decoding=\"async\" border=\"0\" src=\"http:\/\/3.bp.blogspot.com\/-5crvNEUkdQg\/VCvO87uJM2I\/AAAAAAAACRI\/GABVvAMieNY\/s1600\/ampa.png\" height=\"169\" width=\"640\" \/><\/a><\/div>\n<div style=\"line-height: 115%; margin-bottom: .0001pt; margin-bottom: 0cm; text-align: justify;\"><span lang=\"CA\">Benvolguts pares i mares,<\/span><\/div>\n<p><\/p>\n<div style=\"line-height: 115%; text-align: justify;\"><span lang=\"CA\"><span style=\"mso-spacerun: yes;\">&nbsp;<\/span><br \/>El dilluns 6 d\u2019octubre comencen les activitats. De moment, comen\u00e7arem<span style=\"mso-spacerun: yes;\">&nbsp; <\/span>FUTBOL i MANUALITATS. <\/span><\/div>\n<div style=\"line-height: 115%; text-align: justify;\"><\/div>\n<div style=\"line-height: 115%; text-align: justify;\"><span lang=\"CA\">Els divendres 3 i dilluns 6, dins de l\u2019horari de l\u2019AMPA, podeu formalitzar la inscripci\u00f3 aquells pares i mares interessats.<\/span><\/div>\n<div style=\"line-height: 115%; text-align: justify;\"><\/div>\n<div style=\"line-height: 115%; text-align: justify;\"><span lang=\"CA\">El preu mensual de l\u2019activitat \u00e9s: 15\u20ac SOCIS<span style=\"mso-spacerun: yes;\">&nbsp; <\/span>i<span style=\"mso-spacerun: yes;\">&nbsp; <\/span>25\u20ac NO SOCIS.<\/span><\/div>\n<div style=\"line-height: 115%; text-align: justify;\"><\/div>\n<div style=\"line-height: 115%;\"><span lang=\"CA\" style=\"font-size: 12.0pt; line-height: 115%; mso-ansi-language: CA;\">Com recordeu, s\u2019ha d\u2019abonar una fian\u00e7a que correspon al preu d\u2019un mes d\u2019activitat. En el cas de l\u2019activitat de futbol, s\u2019ha de pagar a m\u00e9s el preu de l\u2019asseguran\u00e7a per un import de 6\u20ac per inscrit (quota \u00fanica). <\/span><\/div>\n<div style=\"line-height: 115%; text-align: justify;\"><\/div>\n<div style=\"line-height: 115%; text-align: justify;\"><span lang=\"CA\">Tal i com es va explicar a la reuni\u00f3 informativa, enguany els pares i mares han de signar un comprom\u00eds de perman\u00e8ncia a l\u2019activitat.<\/span><\/div>\n<div style=\"line-height: 115%; text-align: justify;\"><\/div>\n<div style=\"line-height: 115%; text-align: justify;\"><span lang=\"CA\">LA JUNTA<\/span><\/div>\n<div style=\"line-height: 115%; text-align: justify;\"><span lang=\"CA\">01 d\u2019octubre de 2014<\/span><\/div>\n","protected":false},"excerpt":{"rendered":"<p><a href=\"http:\/\/3.bp.blogspot.com\/-5crvNEUkdQg\/VCvO87uJM2I\/AAAAAAAACRI\/GABVvAMieNY\/s1600\/ampa.png\" style=\"margin-left: 1em; margin-right: 1em;\"><\/a><br \/>\nBenvolguts pares i mares,<\/p>\n<p>&nbsp;El dilluns 6 d\u2019octubre comencen les activitats. De moment, comen\u00e7arem&nbsp; FUTBOL i MANUALITATS. <\/p>\n<p>Els divendres 3 i dilluns 6, dins de l\u2019horari de l\u2019AMPA, podeu formalitzar la inscripci\u00f3 aquells pares i mares interessats.<\/p>\n<p>El preu mensual de l\u2019activitat&hellip;  <a href=\"https:\/\/agora.xtec.cat\/ceipmisericordia-reus\/comunicats\/comunicat-de-lampa-activitats-extraescolars\/\" title=\"Read Comunicat de l&#8217;AMPA: Activitats extraescolars\">Llegeix m\u00e9s\u00bb<\/a><\/p>\n","protected":false},"author":1,"featured_media":0,"comment_status":"open","ping_status":"closed","sticky":false,"template":"","format":"standard","meta":{"_bbp_topic_count":0,"_bbp_reply_count":0,"_bbp_total_topic_count":0,"_bbp_total_reply_count":0,"_bbp_voice_count":0,"_bbp_anonymous_reply_count":0,"_bbp_topic_count_hidden":0,"_bbp_reply_count_hidden":0,"_bbp_forum_subforum_count":0,"footnotes":""},"categories":[86],"tags":[],"class_list":["post-4555","post","type-post","status-publish","format-standard","hentry","category-comunicats"],"post_mailing_queue_ids":[],"_links":{"self":[{"href":"https:\/\/agora.xtec.cat\/ceipmisericordia-reus\/wp-json\/wp\/v2\/posts\/4555","targetHints":{"allow":["GET"]}}],"collection":[{"href":"https:\/\/agora.xtec.cat\/ceipmisericordia-reus\/wp-json\/wp\/v2\/posts"}],"about":[{"href":"https:\/\/agora.xtec.cat\/ceipmisericordia-reus\/wp-json\/wp\/v2\/types\/post"}],"author":[{"embeddable":true,"href":"https:\/\/agora.xtec.cat\/ceipmisericordia-reus\/wp-json\/wp\/v2\/users\/1"}],"replies":[{"embeddable":true,"href":"https:\/\/agora.xtec.cat\/ceipmisericordia-reus\/wp-json\/wp\/v2\/comments?post=4555"}],"version-history":[{"count":0,"href":"https:\/\/agora.xtec.cat\/ceipmisericordia-reus\/wp-json\/wp\/v2\/posts\/4555\/revisions"}],"wp:attachment":[{"href":"https:\/\/agora.xtec.cat\/ceipmisericordia-reus\/wp-json\/wp\/v2\/media?parent=4555"}],"wp:term":[{"taxonomy":"category","embeddable":true,"href":"https:\/\/agora.xtec.cat\/ceipmisericordia-reus\/wp-json\/wp\/v2\/categories?post=4555"},{"taxonomy":"post_tag","embeddable":true,"href":"https:\/\/agora.xtec.cat\/ceipmisericordia-reus\/wp-json\/wp\/v2\/tags?post=4555"}],"curies":[{"name":"wp","href":"https:\/\/api.w.org\/{rel}","templated":true}]}}