{"id":4552,"date":"2014-10-05T20:14:00","date_gmt":"2014-10-05T18:14:00","guid":{"rendered":"https:\/\/agora.xtec.cat\/ceipmisericordia-reus\/general\/activitats-extraescolars-a-la-biblioteca-xavier-amoros\/"},"modified":"2014-10-05T20:14:00","modified_gmt":"2014-10-05T18:14:00","slug":"activitats-extraescolars-a-la-biblioteca-xavier-amoros","status":"publish","type":"post","link":"https:\/\/agora.xtec.cat\/ceipmisericordia-reus\/comunicats\/activitats-extraescolars-a-la-biblioteca-xavier-amoros\/","title":{"rendered":"Activitats extraescolars a la biblioteca Xavier Amor\u00f3s"},"content":{"rendered":"<p><a href=\"http:\/\/3.bp.blogspot.com\/-V9HTULelcJA\/VDGUvr3873I\/AAAAAAAACSA\/L-AkWPIdWdc\/s1600\/BIBLIO1.png\" style=\"clear: right; float: right; margin-bottom: 1em; margin-left: 1em;\"><img decoding=\"async\" border=\"0\" src=\"http:\/\/3.bp.blogspot.com\/-V9HTULelcJA\/VDGUvr3873I\/AAAAAAAACSA\/L-AkWPIdWdc\/s1600\/BIBLIO1.png\" \/><\/a><span style=\"font-size: small;\"><span style=\"font-family: inherit;\"><b><span style=\"background-color: white;\"><span style=\"font-family: sans-serif; font-size: small;\">La data m\u00e0xima per realitzar les inscripcions \u00e9s el 15 d&#8217;octubre i podeu fer-ho a trav\u00e9s de la web de la biblioteca. <\/span><\/span><span style=\"color: blue; font-size: small;\"><u><br \/><\/u><\/span><a href=\"http:\/\/biblioteca.reus.cat\/activitats\" rel=\"nofollow noopener noreferrer\" target=\"_blank\"><span style=\"color: blue; font-family: sans-serif; font-size: small;\"><b><u>http:\/\/biblioteca.reus.cat\/activitats<\/u><\/b><\/span><\/a><span style=\"font-size: small;\"><br \/>&nbsp; <\/span><\/b><\/span><\/span><br \/><span style=\"font-size: small;\"><span style=\"font-family: inherit;\"><b>1. LECXIT.<\/b>Aquest programa actua a nivell de tot Catalunya i pret\u00e9n acompanyar els infants en la descoberta de la lectura en tots els seus formats a partir de l\u2019acompanyament d\u2019un adult que fa de mentor. La biblioteca p\u00fablica \u00e9s el marc ideal per apropar i infants que no tenen el suport incondicional de la fam\u00edlia amb adults que tenen una experi\u00e8ncia lectora gratificant. Aquest curs hi ha 3 grups de 10 parelles cadasc\u00fa.<br \/>FES-TE VOLUNTARI!<br \/>\u00b7Escola C\u00e8lia i Artiga dilluns a 2\/4 de 5 a 2\/4 de 6 de la tarda<br \/><span style=\"background-color: white;\">\u00b7Escola Miseric\u00f2rdia dilluns a 2\/4 de 6 a 2\/4 de 7 de la tarda<\/span><br \/>\u00b7Escola Prat de la Riba dimecres a 2\/4 de 5 2\/4 de 6 de la tarda<\/span><\/span><br \/><a href=\"http:\/\/2.bp.blogspot.com\/-_axWaNh9U1M\/VDGVU0GvXrI\/AAAAAAAACSI\/6Z8OYTY9pQk\/s1600\/BIBLIO2.png\" style=\"clear: right; float: right; margin-bottom: 1em; margin-left: 1em;\"><img loading=\"lazy\" decoding=\"async\" border=\"0\" src=\"http:\/\/2.bp.blogspot.com\/-_axWaNh9U1M\/VDGVU0GvXrI\/AAAAAAAACSI\/6Z8OYTY9pQk\/s1600\/BIBLIO2.png\" height=\"320\" width=\"237\" \/><\/a><span style=\"font-size: small;\"><span style=\"font-family: inherit;\"><br \/><b>2. CLUBS DE LECTURA<\/b>. La lectura feta conversa. Des dels inicis en l&#8217;aprenentatge de la lectura, la possibilitat de compartir amb iguals pot resultar gratificant.<br \/><b>2.1 CLUB BLAU.<\/b> Per infants que tot just s\u2019inicien en la pr\u00e0ctica de la lectura. Els llibres seleccionats han de tenir un bon text i un component est\u00e8tic i pl\u00e0stic molt important. Les converses soviet es transformen en joc Sessions mensuals per a 8 participants. <b>Un dijous al mes a 2\/4 de sis la tarda.<\/b><br \/><b>2.2 CLUB VERMELL<\/b>. Per infants amb domini de la lectura que volen conversar sobre all\u00f2 que han llegit Sessions mensuals per a 10 participants. <b>Un dijous al mes a 2\/4 de sis de la tarda.<\/b><br \/><b>2.3. PENYA DELS SIGNES.<\/b> Per nois i noies que els agrada llegir i volen con\u00e8ixer altres lectors i lectores com ells. El format d\u2019aquest club no gira a l\u2019entorn d\u2019una \u00fanica lectura sin\u00f3 a partir de les propostes diverses a l\u2019entorn d\u2019un tema, un g\u00e8nere o un autor fetes per la dinamitzadora<br \/>i els mateixos participants. <b>Un dijous al mes a 2\/4 de 6 de la tarda.<\/b><br \/>Sessions mensuals per a 15 participants<\/span><\/span><br \/><span style=\"font-size: small;\"><span style=\"font-family: inherit;\"><br \/><b>3. LABORATORI DEL LLIBRE INFANTIL.<\/b> La lectura feta experi\u00e8ncia La biblioteca facilita l\u2019experi\u00e8ncia de lectura i creativitat en fam\u00edlia, amb una activitat on afloren les emocions i s\u2019enceta el di\u00e0leg entre generacions a partir dels llibres seleccionats i presentats acuradament. <\/span><\/span><br \/><a href=\"http:\/\/3.bp.blogspot.com\/-O-OR7hIhZag\/VDGXAmQIU8I\/AAAAAAAACSY\/mQWyp-D1dCM\/s1600\/Sin%2Bt%C3%ADtulo.png\" style=\"clear: right; float: right; margin-bottom: 1em; margin-left: 1em;\"><img decoding=\"async\" border=\"0\" src=\"http:\/\/3.bp.blogspot.com\/-O-OR7hIhZag\/VDGXAmQIU8I\/AAAAAAAACSY\/mQWyp-D1dCM\/s1600\/Sin%2Bt%C3%ADtulo.png\" \/><\/a><br \/><a href=\"http:\/\/4.bp.blogspot.com\/-IpJIu-bP0uY\/VDGWKG2TeBI\/AAAAAAAACSQ\/IQYD1mI5ong\/s1600\/Sin%2Bt%C3%ADtulo%2B2.png\" style=\"clear: right; float: right; margin-bottom: 1em; margin-left: 1em;\"><img decoding=\"async\" border=\"0\" src=\"http:\/\/4.bp.blogspot.com\/-IpJIu-bP0uY\/VDGWKG2TeBI\/AAAAAAAACSQ\/IQYD1mI5ong\/s1600\/Sin%2Bt%C3%ADtulo%2B2.png\" \/><\/a><span style=\"font-size: small;\"><span style=\"font-family: inherit;\"><b>4. VEGA.<\/b> A partir de l\u2019experi\u00e8ncia de Vega Mart\u00edn i Miguel Castro als tallers de creaci\u00f3 pl\u00e0stica de Bilbao amb infants on es d\u00f3na un gran marge a la llibertat i a la proximitat amb d\u2019altres individus de totes les edats, la Sala Infantil de la BCR de manera totalment novedosa va traslladar aquesta metodologia<br \/>a l\u2019\u00e0mbit de la lectura. Una lectura gens guiada i en pres\u00e8ncia d\u2019altres lectors, que pot tenir, o no, la necessitat de ser compartida. A aquesta activitat hi participen un grup d\u2019infants del Centre Obert del Carme, lectors espontanis i peri\u00f2dicament s\u2019hi convida a llegir-hi a diferents personalitats.<br \/><b>Sessions setmanals de 30 minuts de durada.. APUNTA\u2019T!<\/b><br \/><b>Tots els dilluns a les 7 de la tarda<\/b><\/span><\/span><br \/><span style=\"font-size: small;\"><span style=\"font-family: inherit;\"><b><\/b><br \/><b>5. CONTES A CAU D\u2019ORELLA<\/b>. La lectura feta narraci\u00f3 L\u2019hora del conte \u00e9s una altra manera de llegir i d\u2019aproparse als llibres, de gaudir del llenguatge, de la ret\u00f2rica, de la declamaci\u00f3.<br \/>Contes explicats de tu a tu per narradors i narradores voluntaris, en un ambient \u00edntim i recollit.<br \/><b>Cada dimecres del curs a 2\/4 de 6 de la tarda. 40 participants\/sessi\u00f3<\/b><\/span><\/span><\/p>\n<p><span style=\"font-size: small;\"><span style=\"font-family: inherit;\"><\/span><\/span> <\/p>\n<div style=\"text-align: right;\"><\/div>\n<div style=\"text-align: right;\"><\/div>\n<div style=\"text-align: right;\"><\/div>\n<div style=\"text-align: right;\"><\/div>\n<div style=\"text-align: right;\"><b><u>HORARI DE LA BIBLIOTECA<\/u><br \/>De dilluns a divendres de 10 del mat\u00ed a 8 del vespre<br \/>Dissabte de 2\/4 de 10 a 2\/4 de 2<\/b><\/div>\n","protected":false},"excerpt":{"rendered":"<p><a href=\"http:\/\/3.bp.blogspot.com\/-V9HTULelcJA\/VDGUvr3873I\/AAAAAAAACSA\/L-AkWPIdWdc\/s1600\/BIBLIO1.png\" style=\"clear: right; float: right; margin-bottom: 1em; margin-left: 1em;\"><\/a>La data m\u00e0xima per realitzar les inscripcions \u00e9s el 15 d&#8217;octubre i podeu fer-ho a trav\u00e9s de la web de la biblioteca. <a href=\"http:\/\/biblioteca.reus.cat\/activitats\" rel=\"nofollow noopener noreferrer\" target=\"_blank\">http:\/\/biblioteca.reus.cat\/activitats<\/a>&nbsp; 1. LECXIT.Aquest programa actua a nivell de tot&hellip;  <a href=\"https:\/\/agora.xtec.cat\/ceipmisericordia-reus\/comunicats\/activitats-extraescolars-a-la-biblioteca-xavier-amoros\/\" title=\"Read Activitats extraescolars a la biblioteca Xavier Amor\u00f3s\">Llegeix m\u00e9s\u00bb<\/a><\/p>\n","protected":false},"author":1,"featured_media":0,"comment_status":"open","ping_status":"closed","sticky":false,"template":"","format":"standard","meta":{"_bbp_topic_count":0,"_bbp_reply_count":0,"_bbp_total_topic_count":0,"_bbp_total_reply_count":0,"_bbp_voice_count":0,"_bbp_anonymous_reply_count":0,"_bbp_topic_count_hidden":0,"_bbp_reply_count_hidden":0,"_bbp_forum_subforum_count":0,"footnotes":""},"categories":[86],"tags":[],"class_list":["post-4552","post","type-post","status-publish","format-standard","hentry","category-comunicats"],"post_mailing_queue_ids":[],"_links":{"self":[{"href":"https:\/\/agora.xtec.cat\/ceipmisericordia-reus\/wp-json\/wp\/v2\/posts\/4552","targetHints":{"allow":["GET"]}}],"collection":[{"href":"https:\/\/agora.xtec.cat\/ceipmisericordia-reus\/wp-json\/wp\/v2\/posts"}],"about":[{"href":"https:\/\/agora.xtec.cat\/ceipmisericordia-reus\/wp-json\/wp\/v2\/types\/post"}],"author":[{"embeddable":true,"href":"https:\/\/agora.xtec.cat\/ceipmisericordia-reus\/wp-json\/wp\/v2\/users\/1"}],"replies":[{"embeddable":true,"href":"https:\/\/agora.xtec.cat\/ceipmisericordia-reus\/wp-json\/wp\/v2\/comments?post=4552"}],"version-history":[{"count":0,"href":"https:\/\/agora.xtec.cat\/ceipmisericordia-reus\/wp-json\/wp\/v2\/posts\/4552\/revisions"}],"wp:attachment":[{"href":"https:\/\/agora.xtec.cat\/ceipmisericordia-reus\/wp-json\/wp\/v2\/media?parent=4552"}],"wp:term":[{"taxonomy":"category","embeddable":true,"href":"https:\/\/agora.xtec.cat\/ceipmisericordia-reus\/wp-json\/wp\/v2\/categories?post=4552"},{"taxonomy":"post_tag","embeddable":true,"href":"https:\/\/agora.xtec.cat\/ceipmisericordia-reus\/wp-json\/wp\/v2\/tags?post=4552"}],"curies":[{"name":"wp","href":"https:\/\/api.w.org\/{rel}","templated":true}]}}