{"id":4514,"date":"2014-12-19T12:07:00","date_gmt":"2014-12-19T11:07:00","guid":{"rendered":"https:\/\/agora.xtec.cat\/ceipmisericordia-reus\/general\/gran-nadala-2014\/"},"modified":"2014-12-19T12:07:00","modified_gmt":"2014-12-19T11:07:00","slug":"gran-nadala-2014","status":"publish","type":"post","link":"https:\/\/agora.xtec.cat\/ceipmisericordia-reus\/primaria\/2n\/gran-nadala-2014\/","title":{"rendered":"GRAN NADALA 2014"},"content":{"rendered":"<div style=\"clear: both; text-align: center;\"><object width=\"320\" height=\"266\" id=\"BLOG_video-d11e4427d21ec3f4\" class codebase=\"http:\/\/download.macromedia.com\/pub\/shockwave\/cabs\/flash\/swflash.cab#version=6,0,40,0\"><param name=\"movie\" value=\"\/\/www.youtube.com\/get_player\"><param name=\"bgcolor\" value=\"#FFFFFF\"><param name=\"allowfullscreen\" value=\"true\"><param name=\"flashvars\" value=\"flvurl=http:\/\/redirector.googlevideo.com\/videoplayback?id%3Dd11e4427d21ec3f4%26itag%3D5%26source%3Dblogger%26app%3Dblogger%26cmo%3Dsensitive_content%253Dyes%26ip%3D0.0.0.0%26ipbits%3D0%26expire%3D1437364967%26sparams%3Did,itag,source,ip,ipbits,expire%26signature%3D3B600C761DF4F24D40F6DD16BDFF6E24D4E43F6A.1BAD31129EC7A60F91365632A360BFC5E5B57292%26key%3Dck2&amp;iurl=http:\/\/video.google.com\/ThumbnailServer2?app%3Dblogger%26contentid%3Dd11e4427d21ec3f4%26offsetms%3D5000%26itag%3Dw160%26sigh%3DAIGLTztK68Ny7XAndpEIC-kdTug&amp;autoplay=0&amp;ps=blogger\"><embed src=\"\/\/www.youtube.com\/get_player\" type=\"application\/x-shockwave-flash\" width=\"320\" height=\"266\" bgcolor=\"#FFFFFF\" flashvars=\"flvurl=http:\/\/redirector.googlevideo.com\/videoplayback?id%3Dd11e4427d21ec3f4%26itag%3D5%26source%3Dblogger%26app%3Dblogger%26cmo%3Dsensitive_content%253Dyes%26ip%3D0.0.0.0%26ipbits%3D0%26expire%3D1437364967%26sparams%3Did,itag,source,ip,ipbits,expire%26signature%3D3B600C761DF4F24D40F6DD16BDFF6E24D4E43F6A.1BAD31129EC7A60F91365632A360BFC5E5B57292%26key%3Dck2&#038;iurl=http:\/\/video.google.com\/ThumbnailServer2?app%3Dblogger%26contentid%3Dd11e4427d21ec3f4%26offsetms%3D5000%26itag%3Dw160%26sigh%3DAIGLTztK68Ny7XAndpEIC-kdTug&#038;autoplay=0&#038;ps=blogger\" allowFullScreen=\"true\" \/><\/object><\/div>\n<div style=\"clear: both; text-align: center;\"><\/div>\n<div style=\"clear: both; text-align: center;\">Ahir al mat\u00ed els nens i nenes de segon de l&#8217;escola Miseric\u00f2rdia van participar en &#8220;La Gran Nadala&#8221; a la Pla\u00e7a del General Prim juntament amb totes les escoles de Reus.&nbsp;<\/div>\n<div style=\"clear: both; text-align: center;\">La can\u00e7\u00f3 que van interpretar va ser el Desembre congelat.<\/div>\n<div style=\"clear: both; text-align: center;\"><\/div>\n<div style=\"clear: both; text-align: center;\">Aqu\u00ed podreu veure una petita mostra de com de b\u00e9 ho van fer els nostres alumnes : )<\/div>\n<div style=\"clear: both; text-align: center;\"><\/div>\n<div style=\"clear: both; text-align: center;\">FELICITATS!!!!<\/div>\n","protected":false},"excerpt":{"rendered":"<p>Ahir al mat\u00ed els nens i nenes de segon de l&#8217;escola Miseric\u00f2rdia van participar en &#8220;La Gran Nadala&#8221; a la Pla\u00e7a del General Prim juntament amb totes les escoles de Reus.&nbsp;<br \/>\nLa can\u00e7\u00f3 que van interpretar va ser el Desembre congelat.<\/p>\n<p>Aqu\u00ed podreu veure una petita mostra&hellip;  <a href=\"https:\/\/agora.xtec.cat\/ceipmisericordia-reus\/primaria\/2n\/gran-nadala-2014\/\" title=\"Read GRAN NADALA 2014\">Llegeix m\u00e9s\u00bb<\/a><\/p>\n","protected":false},"author":1,"featured_media":0,"comment_status":"open","ping_status":"closed","sticky":false,"template":"","format":"standard","meta":{"_bbp_topic_count":0,"_bbp_reply_count":0,"_bbp_total_topic_count":0,"_bbp_total_reply_count":0,"_bbp_voice_count":0,"_bbp_anonymous_reply_count":0,"_bbp_topic_count_hidden":0,"_bbp_reply_count_hidden":0,"_bbp_forum_subforum_count":0,"footnotes":""},"categories":[11,74,76,81],"tags":[],"class_list":["post-4514","post","type-post","status-publish","format-standard","hentry","category-2n","category-cicle-inicial","category-festes","category-musica"],"post_mailing_queue_ids":[],"_links":{"self":[{"href":"https:\/\/agora.xtec.cat\/ceipmisericordia-reus\/wp-json\/wp\/v2\/posts\/4514","targetHints":{"allow":["GET"]}}],"collection":[{"href":"https:\/\/agora.xtec.cat\/ceipmisericordia-reus\/wp-json\/wp\/v2\/posts"}],"about":[{"href":"https:\/\/agora.xtec.cat\/ceipmisericordia-reus\/wp-json\/wp\/v2\/types\/post"}],"author":[{"embeddable":true,"href":"https:\/\/agora.xtec.cat\/ceipmisericordia-reus\/wp-json\/wp\/v2\/users\/1"}],"replies":[{"embeddable":true,"href":"https:\/\/agora.xtec.cat\/ceipmisericordia-reus\/wp-json\/wp\/v2\/comments?post=4514"}],"version-history":[{"count":0,"href":"https:\/\/agora.xtec.cat\/ceipmisericordia-reus\/wp-json\/wp\/v2\/posts\/4514\/revisions"}],"wp:attachment":[{"href":"https:\/\/agora.xtec.cat\/ceipmisericordia-reus\/wp-json\/wp\/v2\/media?parent=4514"}],"wp:term":[{"taxonomy":"category","embeddable":true,"href":"https:\/\/agora.xtec.cat\/ceipmisericordia-reus\/wp-json\/wp\/v2\/categories?post=4514"},{"taxonomy":"post_tag","embeddable":true,"href":"https:\/\/agora.xtec.cat\/ceipmisericordia-reus\/wp-json\/wp\/v2\/tags?post=4514"}],"curies":[{"name":"wp","href":"https:\/\/api.w.org\/{rel}","templated":true}]}}