{"id":4478,"date":"2015-02-11T14:52:00","date_gmt":"2015-02-11T13:52:00","guid":{"rendered":"https:\/\/agora.xtec.cat\/ceipmisericordia-reus\/general\/descobrim-el-mon-a-quatre-potes\/"},"modified":"2015-02-11T14:52:00","modified_gmt":"2015-02-11T13:52:00","slug":"descobrim-el-mon-a-quatre-potes","status":"publish","type":"post","link":"https:\/\/agora.xtec.cat\/ceipmisericordia-reus\/primaria\/2n\/descobrim-el-mon-a-quatre-potes\/","title":{"rendered":"Descobrim el m\u00f3n a quatre potes"},"content":{"rendered":"<div style=\"text-align: justify;\">\n<div>\n<div>L&#8217;alumnat de segon va realitzar ahir el taller &#8220;descobrim el m\u00f3n a quatre potes&#8221;.<\/div>\n<div><embed flashvars=\"host=picasaweb.google.com&amp;hl=ca&amp;feat=flashalbum&amp;RGB=0x000000&amp;feed=https%3A%2F%2Fpicasaweb.google.com%2Fdata%2Ffeed%2Fapi%2Fuser%2F115339987953246991120%2Falbumid%2F6114583033195311697%3Falt%3Drss%26kind%3Dphoto%26authkey%3DGv1sRgCMmGpZjRuMushAE%26hl%3Dca\" height=\"400\" pluginspage=\"http:\/\/www.macromedia.com\/go\/getflashplayer\" src=\"https:\/\/photos.gstatic.com\/media\/slideshow.swf\" type=\"application\/x-shockwave-flash\" width=\"600\"><\/embed> <\/p>\n<div><\/div>\n<div><b>Objectius de l&#8217;activitat:&nbsp;<\/b><\/div>\n<div>\n<div>Sensibilitzar  els infants vers les diferents realitats del m\u00f3n per despertar actituds  positives de respecte i solidaritat envers les persones i els pobles  del Sud.  Treballar el coneixement, l\u2019empatia i el respecte cap a la immigraci\u00f3,  els nens treballadors, les persones amb discapacitats i con\u00e8ixer, a  trav\u00e9s de l&#8217;experi\u00e8ncia pr\u00e0ctica, altres maneres de viure i altres  cultures. Afavorir el vincle afectiu i el respecte dels alumnes, els animals  de companyia i relacionar-se amb els gossos de ter\u00e0pia des d&#8217;una altra  perspectiva m\u00e9s enll\u00e0 de com animal de companyia, entenent la funci\u00f3 que  realitzen ajudant a les persones.<\/div>\n<\/div>\n<\/div>\n<div>\n<div><b>Descripci\u00f3 de l&#8217;activitat:&nbsp;<\/b><\/div>\n<div>\n<div>\u201cEl  Croqueta \u00e9s un gos espavilat, solidari i viatger que recorre tres  pa\u00efsos del m\u00f3n on fa diversos amics que viuen realitats molt  diferents\u2026Avui ha vingut a l\u2019escola per explicar-vos les seves  aventures\u2026\u201d. El gos \u00e9s un element dinamitzador de la hist\u00f2ria que interactua amb els  nens de manera afectuosa i alegre. La finalitat de la seva intervenci\u00f3  \u00e9s afavorir la motivaci\u00f3 i la implicaci\u00f3 dels alumnes per aconseguir els  objectius que pretenem. Durant l\u2019activitat s\u2019incideix en la reflexi\u00f3 dels nens i en la  seva  participaci\u00f3 per tal d\u2019estimular els coneixements previs i afavorir la  comprensi\u00f3 i l\u2019assoliment dels valors que treballem.<\/div>\n<\/div>\n<\/div>\n<\/div>\n<\/div>\n","protected":false},"excerpt":{"rendered":"<p>L&#8217;alumnat de segon va realitzar ahir el taller &#8220;descobrim el m\u00f3n a quatre potes&#8221;.<\/p>\n<p>Objectius de l&#8217;activitat:&nbsp;<\/p>\n<p>Sensibilitzar  els infants vers les diferents realitats del m\u00f3n per despertar actituds  positives de respecte i solidaritat envers les persones i els pobles  del Sud. &hellip;  <a href=\"https:\/\/agora.xtec.cat\/ceipmisericordia-reus\/primaria\/2n\/descobrim-el-mon-a-quatre-potes\/\" title=\"Read Descobrim el m\u00f3n a quatre potes\">Llegeix m\u00e9s\u00bb<\/a><\/p>\n","protected":false},"author":1,"featured_media":0,"comment_status":"open","ping_status":"closed","sticky":false,"template":"","format":"standard","meta":{"_bbp_topic_count":0,"_bbp_reply_count":0,"_bbp_total_topic_count":0,"_bbp_total_reply_count":0,"_bbp_voice_count":0,"_bbp_anonymous_reply_count":0,"_bbp_topic_count_hidden":0,"_bbp_reply_count_hidden":0,"_bbp_forum_subforum_count":0,"footnotes":""},"categories":[11],"tags":[],"class_list":["post-4478","post","type-post","status-publish","format-standard","hentry","category-2n"],"post_mailing_queue_ids":[],"_links":{"self":[{"href":"https:\/\/agora.xtec.cat\/ceipmisericordia-reus\/wp-json\/wp\/v2\/posts\/4478","targetHints":{"allow":["GET"]}}],"collection":[{"href":"https:\/\/agora.xtec.cat\/ceipmisericordia-reus\/wp-json\/wp\/v2\/posts"}],"about":[{"href":"https:\/\/agora.xtec.cat\/ceipmisericordia-reus\/wp-json\/wp\/v2\/types\/post"}],"author":[{"embeddable":true,"href":"https:\/\/agora.xtec.cat\/ceipmisericordia-reus\/wp-json\/wp\/v2\/users\/1"}],"replies":[{"embeddable":true,"href":"https:\/\/agora.xtec.cat\/ceipmisericordia-reus\/wp-json\/wp\/v2\/comments?post=4478"}],"version-history":[{"count":0,"href":"https:\/\/agora.xtec.cat\/ceipmisericordia-reus\/wp-json\/wp\/v2\/posts\/4478\/revisions"}],"wp:attachment":[{"href":"https:\/\/agora.xtec.cat\/ceipmisericordia-reus\/wp-json\/wp\/v2\/media?parent=4478"}],"wp:term":[{"taxonomy":"category","embeddable":true,"href":"https:\/\/agora.xtec.cat\/ceipmisericordia-reus\/wp-json\/wp\/v2\/categories?post=4478"},{"taxonomy":"post_tag","embeddable":true,"href":"https:\/\/agora.xtec.cat\/ceipmisericordia-reus\/wp-json\/wp\/v2\/tags?post=4478"}],"curies":[{"name":"wp","href":"https:\/\/api.w.org\/{rel}","templated":true}]}}