{"id":4473,"date":"2015-02-17T11:04:00","date_gmt":"2015-02-17T10:04:00","guid":{"rendered":"https:\/\/agora.xtec.cat\/ceipmisericordia-reus\/general\/recull-de-premsa-sobre-els-escacs-a-les-escoles\/"},"modified":"2015-02-17T11:04:00","modified_gmt":"2015-02-17T10:04:00","slug":"recull-de-premsa-sobre-els-escacs-a-les-escoles","status":"publish","type":"post","link":"https:\/\/agora.xtec.cat\/ceipmisericordia-reus\/escacs\/recull-de-premsa-sobre-els-escacs-a-les-escoles\/","title":{"rendered":"Recull de premsa sobre els escacs a les escoles"},"content":{"rendered":"<div style=\"text-align: justify;\"><span style=\"font-size: small;\">Cada cop hi ha m\u00e9s escoles que introdueixen els escacs com a assignatura<span style=\"font-weight: normal;\">. El Parlament, el Congr\u00e9s i l&#8217;Eurocambra insten a fomentar el joc a l&#8217;aula<\/span><span style=\"font-weight: normal;\">. Els escacs estimulen l&#8217;aprenentatge matem\u00e0tic, ling\u00fc\u00edstic i social.&nbsp;<\/span><\/span><\/p>\n<p><span style=\"font-size: small;\">Darrerament veiem molts articles dels escacs a la premsa i els volem compartir amb tots vosaltres!<\/span> <br \/><span style=\"font-size: small;\"><br \/><\/span><span style=\"font-size: small; font-weight: normal;\">Algunes publicacions a destacar:<\/span><\/p>\n<ul>\n<li><span style=\"font-size: small; font-weight: normal;\">Observo, penso, jugo&nbsp; <\/span><span style=\"font-size: small;\"><a href=\"http:\/\/www.elpuntavui.cat\/noticia\/article\/2-societat\/5-societat\/823227-observo-penso-jugo.html\" target=\"_blank\" rel=\"noopener noreferrer\">El Punt Diari, 17 de febrer de 2015<\/a>&nbsp;<\/span><\/li>\n<li><span style=\"font-size: small;\">El gen dels escacs, a l&#8217;ADN de l&#8217;escola <a href=\"http:\/\/www.elpuntavui.cat\/noticia\/article\/2-societat\/5-societat\/823229-el-gen-dels-escacs-a-ladn-de-lescola.html\">El Punt Diari, 16 de febrer de 2015<\/a>&nbsp;<\/span><\/li>\n<li><span style=\"font-size: small;\">Els escacs aterren a l&#8217;escola com a refor\u00e7 pedag\u00f2gic <a href=\"http:\/\/www.elperiodico.cat\/ca\/noticias\/societat\/els-escacs-aterren-lescola-com-reforc-pedagogic-3940304\">El Periodico de Catalunya, 16 de febrer de 2015<\/a><\/span><\/li>\n<li><span style=\"font-size: small;\">La gimnasia del cerebro: 141 colegios catalanes ya han incorporado la actividad con resultados satisfactorios <a href=\"http:\/\/www.elperiodico.com\/es\/noticias\/sociedad\/gimnasia-del-cerebro-3940290\">El Periodico de Catalunya, 16 de febrer de 2015<\/a>&nbsp;<\/span><\/li>\n<li><span style=\"font-size: small;\">Ajedrez en las aulas: argumentos irrefutables <a href=\"http:\/\/deportes.elpais.com\/deportes\/2015\/02\/11\/actualidad\/1423684794_011937.html\">El Pa\u00eds, 11 de febrer de 2015<\/a>&nbsp;<\/span><\/li>\n<li><span style=\"font-size: small;\">El Parlamento impulsa el ajedrez como asignatura en Espa\u00f1a&nbsp;<a href=\"http:\/\/www.elperiodico.cat\/ca\/noticias\/educacio\/els-escacs-converteixen-una-nova-assignatura-les-escoles-3930585\"> Periodico de Catalunya, 11 de febrer de 2015<\/a><\/span><\/li>\n<\/ul>\n<p><span><\/span><span><\/span><\/p>\n<div style=\"clear: both; text-align: center;\"><a href=\"http:\/\/3.bp.blogspot.com\/-LfrhBJauVf8\/VOMRRGszNrI\/AAAAAAAAFi0\/BgdEkSvWPXM\/s1600\/la_foto_1.JPG\" style=\"margin-left: 1em; margin-right: 1em;\"><img loading=\"lazy\" decoding=\"async\" border=\"0\" src=\"http:\/\/3.bp.blogspot.com\/-LfrhBJauVf8\/VOMRRGszNrI\/AAAAAAAAFi0\/BgdEkSvWPXM\/s1600\/la_foto_1.JPG\" height=\"640\" width=\"640\" \/><\/a><\/div>\n<p><\/p>\n<div style=\"clear: both; text-align: center;\"><a href=\"http:\/\/3.bp.blogspot.com\/-PG3IENQg17M\/VOMRQ5wqTAI\/AAAAAAAAFiw\/tSMavrhIGfc\/s1600\/la_foto_2.JPG\" style=\"margin-left: 1em; margin-right: 1em;\"><img loading=\"lazy\" decoding=\"async\" border=\"0\" src=\"http:\/\/3.bp.blogspot.com\/-PG3IENQg17M\/VOMRQ5wqTAI\/AAAAAAAAFiw\/tSMavrhIGfc\/s1600\/la_foto_2.JPG\" height=\"640\" width=\"476\" \/><\/a><\/div>\n<p><\/p>\n<div style=\"clear: both; text-align: center;\"><a href=\"http:\/\/1.bp.blogspot.com\/-9X4qvauxG-o\/VOMRQ4zI8rI\/AAAAAAAAFi4\/CF1EfwE-RxU\/s1600\/la_foto_3.JPG\" style=\"margin-left: 1em; margin-right: 1em;\"><img loading=\"lazy\" decoding=\"async\" border=\"0\" src=\"http:\/\/1.bp.blogspot.com\/-9X4qvauxG-o\/VOMRQ4zI8rI\/AAAAAAAAFi4\/CF1EfwE-RxU\/s1600\/la_foto_3.JPG\" height=\"640\" width=\"476\" \/><\/a><\/div>\n<\/div>\n","protected":false},"excerpt":{"rendered":"<p>Cada cop hi ha m\u00e9s escoles que introdueixen els escacs com a assignatura. El Parlament, el Congr\u00e9s i l&#8217;Eurocambra insten a fomentar el joc a l&#8217;aula. Els escacs estimulen l&#8217;aprenentatge matem\u00e0tic, ling\u00fc\u00edstic i social.&nbsp;<br \/>\nDarrerament veiem molts articles dels escacs a la premsa i els volem&hellip;  <a href=\"https:\/\/agora.xtec.cat\/ceipmisericordia-reus\/escacs\/recull-de-premsa-sobre-els-escacs-a-les-escoles\/\" title=\"Read Recull de premsa sobre els escacs a les escoles\">Llegeix m\u00e9s\u00bb<\/a><\/p>\n","protected":false},"author":1,"featured_media":0,"comment_status":"open","ping_status":"closed","sticky":false,"template":"","format":"standard","meta":{"_bbp_topic_count":0,"_bbp_reply_count":0,"_bbp_total_topic_count":0,"_bbp_total_reply_count":0,"_bbp_voice_count":0,"_bbp_anonymous_reply_count":0,"_bbp_topic_count_hidden":0,"_bbp_reply_count_hidden":0,"_bbp_forum_subforum_count":0,"footnotes":""},"categories":[88],"tags":[],"class_list":["post-4473","post","type-post","status-publish","format-standard","hentry","category-escacs"],"post_mailing_queue_ids":[],"_links":{"self":[{"href":"https:\/\/agora.xtec.cat\/ceipmisericordia-reus\/wp-json\/wp\/v2\/posts\/4473","targetHints":{"allow":["GET"]}}],"collection":[{"href":"https:\/\/agora.xtec.cat\/ceipmisericordia-reus\/wp-json\/wp\/v2\/posts"}],"about":[{"href":"https:\/\/agora.xtec.cat\/ceipmisericordia-reus\/wp-json\/wp\/v2\/types\/post"}],"author":[{"embeddable":true,"href":"https:\/\/agora.xtec.cat\/ceipmisericordia-reus\/wp-json\/wp\/v2\/users\/1"}],"replies":[{"embeddable":true,"href":"https:\/\/agora.xtec.cat\/ceipmisericordia-reus\/wp-json\/wp\/v2\/comments?post=4473"}],"version-history":[{"count":0,"href":"https:\/\/agora.xtec.cat\/ceipmisericordia-reus\/wp-json\/wp\/v2\/posts\/4473\/revisions"}],"wp:attachment":[{"href":"https:\/\/agora.xtec.cat\/ceipmisericordia-reus\/wp-json\/wp\/v2\/media?parent=4473"}],"wp:term":[{"taxonomy":"category","embeddable":true,"href":"https:\/\/agora.xtec.cat\/ceipmisericordia-reus\/wp-json\/wp\/v2\/categories?post=4473"},{"taxonomy":"post_tag","embeddable":true,"href":"https:\/\/agora.xtec.cat\/ceipmisericordia-reus\/wp-json\/wp\/v2\/tags?post=4473"}],"curies":[{"name":"wp","href":"https:\/\/api.w.org\/{rel}","templated":true}]}}