{"id":4455,"date":"2015-03-11T13:24:00","date_gmt":"2015-03-11T12:24:00","guid":{"rendered":"https:\/\/agora.xtec.cat\/ceipmisericordia-reus\/general\/el-planetari-viatger\/"},"modified":"2015-03-11T13:24:00","modified_gmt":"2015-03-11T12:24:00","slug":"el-planetari-viatger","status":"publish","type":"post","link":"https:\/\/agora.xtec.cat\/ceipmisericordia-reus\/infantil\/el-planetari-viatger\/","title":{"rendered":"El planetari viatger"},"content":{"rendered":"<div style=\"text-align: justify;\">A l&#8217;escola ha arribat &#8220;el planetari viatger&#8221; de la fundaci\u00f3 La Caixa; una c\u00fapula que s&#8217;infla i on ens podem submergir en una projecci\u00f3 audiovisual d&#8217;astronomia.<\/div>\n<div style=\"text-align: justify;\">L&#8217;alumnat de l&#8217;escola ha entrat dintre i&nbsp; ha vist les estrelles, les constel\u00b7lacions, els planetes, el Sol, la Lluna, la Terra&#8230;<\/div>\n<p>Ens ha agradat molt entrar-hi i observar-ho tot!<\/p>\n<div style=\"text-align: center;\">Aquestes fotografies s\u00f3n una mostra de l&#8217;experi\u00e8ncia. <\/div>\n<p><embed flashvars=\"host=picasaweb.google.com&amp;hl=ca&amp;feat=flashalbum&amp;RGB=0x000000&amp;feed=https%3A%2F%2Fpicasaweb.google.com%2Fdata%2Ffeed%2Fapi%2Fuser%2F115339987953246991120%2Falbumid%2F6124949843294351665%3Falt%3Drss%26kind%3Dphoto%26authkey%3DGv1sRgCILW3dPPxr_h3QE%26hl%3Dca\" height=\"400\" pluginspage=\"http:\/\/www.macromedia.com\/go\/getflashplayer\" src=\"https:\/\/photos.gstatic.com\/media\/slideshow.swf\" type=\"application\/x-shockwave-flash\" width=\"600\"><\/embed><\/p>\n","protected":false},"excerpt":{"rendered":"<p>A l&#8217;escola ha arribat &#8220;el planetari viatger&#8221; de la fundaci\u00f3 La Caixa; una c\u00fapula que s&#8217;infla i on ens podem submergir en una projecci\u00f3 audiovisual d&#8217;astronomia.<br \/>\nL&#8217;alumnat de l&#8217;escola ha entrat dintre i&nbsp; ha vist les estrelles, les constel\u00b7lacions, els planetes, el Sol, la Lluna, la&hellip;  <a href=\"https:\/\/agora.xtec.cat\/ceipmisericordia-reus\/infantil\/el-planetari-viatger\/\" title=\"Read El planetari viatger\">Llegeix m\u00e9s\u00bb<\/a><\/p>\n","protected":false},"author":1,"featured_media":0,"comment_status":"open","ping_status":"closed","sticky":false,"template":"","format":"standard","meta":{"_bbp_topic_count":0,"_bbp_reply_count":0,"_bbp_total_topic_count":0,"_bbp_total_reply_count":0,"_bbp_voice_count":0,"_bbp_anonymous_reply_count":0,"_bbp_topic_count_hidden":0,"_bbp_reply_count_hidden":0,"_bbp_forum_subforum_count":0,"footnotes":""},"categories":[74,79,80,2],"tags":[],"class_list":["post-4455","post","type-post","status-publish","format-standard","hentry","category-cicle-inicial","category-cicle-mitja","category-cicle-superior","category-infantil"],"post_mailing_queue_ids":[],"_links":{"self":[{"href":"https:\/\/agora.xtec.cat\/ceipmisericordia-reus\/wp-json\/wp\/v2\/posts\/4455","targetHints":{"allow":["GET"]}}],"collection":[{"href":"https:\/\/agora.xtec.cat\/ceipmisericordia-reus\/wp-json\/wp\/v2\/posts"}],"about":[{"href":"https:\/\/agora.xtec.cat\/ceipmisericordia-reus\/wp-json\/wp\/v2\/types\/post"}],"author":[{"embeddable":true,"href":"https:\/\/agora.xtec.cat\/ceipmisericordia-reus\/wp-json\/wp\/v2\/users\/1"}],"replies":[{"embeddable":true,"href":"https:\/\/agora.xtec.cat\/ceipmisericordia-reus\/wp-json\/wp\/v2\/comments?post=4455"}],"version-history":[{"count":0,"href":"https:\/\/agora.xtec.cat\/ceipmisericordia-reus\/wp-json\/wp\/v2\/posts\/4455\/revisions"}],"wp:attachment":[{"href":"https:\/\/agora.xtec.cat\/ceipmisericordia-reus\/wp-json\/wp\/v2\/media?parent=4455"}],"wp:term":[{"taxonomy":"category","embeddable":true,"href":"https:\/\/agora.xtec.cat\/ceipmisericordia-reus\/wp-json\/wp\/v2\/categories?post=4455"},{"taxonomy":"post_tag","embeddable":true,"href":"https:\/\/agora.xtec.cat\/ceipmisericordia-reus\/wp-json\/wp\/v2\/tags?post=4455"}],"curies":[{"name":"wp","href":"https:\/\/api.w.org\/{rel}","templated":true}]}}