{"id":4423,"date":"2015-05-20T12:44:00","date_gmt":"2015-05-20T10:44:00","guid":{"rendered":"https:\/\/agora.xtec.cat\/ceipmisericordia-reus\/general\/excursio-infantil-a-les-granotes\/"},"modified":"2015-05-20T12:44:00","modified_gmt":"2015-05-20T10:44:00","slug":"excursio-infantil-a-les-granotes","status":"publish","type":"post","link":"https:\/\/agora.xtec.cat\/ceipmisericordia-reus\/infantil\/excursio-infantil-a-les-granotes\/","title":{"rendered":"EXCURSI\u00d3 INFANTIL A LES GRANOTES"},"content":{"rendered":"<p>Els nens i nenes d&#8217;Infantil aquest dilluns 18 de maig vam anar d&#8217;excursi\u00f3 a Riudoms a veure granotes.<br \/>Ha estat una gran experi\u00e8ncia pels m\u00e9s petits de l&#8217;escola! Des d&#8217;anar amb autocar, passar tot el dia fora de l&#8217;escola i sense pares, visitar un espai natural desconegut,&#8230;tot era magn\u00edfic.<\/p>\n<p>Una excursi\u00f3 per tancar el curs 2014-15 de la millor manera possible; tot el cicle unit, compartint, jugant i aprenent junts!<\/p>\n<p> <embed type=\"application\/x-shockwave-flash\" src=\"https:\/\/photos.gstatic.com\/media\/slideshow.swf\" width=\"600\" height=\"400\" flashvars=\"host=picasaweb.google.com&#038;hl=ca&#038;feat=flashalbum&#038;RGB=0x000000&#038;feed=https%3A%2F%2Fpicasaweb.google.com%2Fdata%2Ffeed%2Fapi%2Fuser%2F115339987953246991120%2Falbumid%2F6150910979991424097%3Falt%3Drss%26kind%3Dphoto%26authkey%3DGv1sRgCOuU35a5ibuUAw%26hl%3Dca\" pluginspage=\"http:\/\/www.macromedia.com\/go\/getflashplayer\"><\/embed><\/p>\n","protected":false},"excerpt":{"rendered":"<p>Els nens i nenes d&#8217;Infantil aquest dilluns 18 de maig vam anar d&#8217;excursi\u00f3 a Riudoms a veure granotes.Ha estat una gran experi\u00e8ncia pels m\u00e9s petits de l&#8217;escola! Des d&#8217;anar amb autocar, passar tot el dia fora de l&#8217;escola i sense pares, visitar un espai natural&hellip;  <a href=\"https:\/\/agora.xtec.cat\/ceipmisericordia-reus\/infantil\/excursio-infantil-a-les-granotes\/\" title=\"Read EXCURSI\u00d3 INFANTIL A LES GRANOTES\">Llegeix m\u00e9s\u00bb<\/a><\/p>\n","protected":false},"author":1,"featured_media":0,"comment_status":"open","ping_status":"closed","sticky":false,"template":"","format":"standard","meta":{"_bbp_topic_count":0,"_bbp_reply_count":0,"_bbp_total_topic_count":0,"_bbp_total_reply_count":0,"_bbp_voice_count":0,"_bbp_anonymous_reply_count":0,"_bbp_topic_count_hidden":0,"_bbp_reply_count_hidden":0,"_bbp_forum_subforum_count":0,"footnotes":""},"categories":[2],"tags":[],"class_list":["post-4423","post","type-post","status-publish","format-standard","hentry","category-infantil"],"post_mailing_queue_ids":[],"_links":{"self":[{"href":"https:\/\/agora.xtec.cat\/ceipmisericordia-reus\/wp-json\/wp\/v2\/posts\/4423","targetHints":{"allow":["GET"]}}],"collection":[{"href":"https:\/\/agora.xtec.cat\/ceipmisericordia-reus\/wp-json\/wp\/v2\/posts"}],"about":[{"href":"https:\/\/agora.xtec.cat\/ceipmisericordia-reus\/wp-json\/wp\/v2\/types\/post"}],"author":[{"embeddable":true,"href":"https:\/\/agora.xtec.cat\/ceipmisericordia-reus\/wp-json\/wp\/v2\/users\/1"}],"replies":[{"embeddable":true,"href":"https:\/\/agora.xtec.cat\/ceipmisericordia-reus\/wp-json\/wp\/v2\/comments?post=4423"}],"version-history":[{"count":0,"href":"https:\/\/agora.xtec.cat\/ceipmisericordia-reus\/wp-json\/wp\/v2\/posts\/4423\/revisions"}],"wp:attachment":[{"href":"https:\/\/agora.xtec.cat\/ceipmisericordia-reus\/wp-json\/wp\/v2\/media?parent=4423"}],"wp:term":[{"taxonomy":"category","embeddable":true,"href":"https:\/\/agora.xtec.cat\/ceipmisericordia-reus\/wp-json\/wp\/v2\/categories?post=4423"},{"taxonomy":"post_tag","embeddable":true,"href":"https:\/\/agora.xtec.cat\/ceipmisericordia-reus\/wp-json\/wp\/v2\/tags?post=4423"}],"curies":[{"name":"wp","href":"https:\/\/api.w.org\/{rel}","templated":true}]}}