{"id":4412,"date":"2015-06-09T11:44:00","date_gmt":"2015-06-09T09:44:00","guid":{"rendered":"https:\/\/agora.xtec.cat\/ceipmisericordia-reus\/general\/hola-sant-pere\/"},"modified":"2015-06-09T11:44:00","modified_gmt":"2015-06-09T09:44:00","slug":"hola-sant-pere","status":"publish","type":"post","link":"https:\/\/agora.xtec.cat\/ceipmisericordia-reus\/primaria\/2n\/hola-sant-pere\/","title":{"rendered":"Hola, Sant Pere!"},"content":{"rendered":"<p>L&#8217;alumnat de segon prim\u00e0ria ha anat aquest mat\u00ed a la pla\u00e7a Mercadal per participar juntament amb altres escoles de l'&#8221;Hola, Sant Pere!&#8221;<\/p>\n<p><embed flashvars=\"host=picasaweb.google.com&amp;hl=ca&amp;feat=flashalbum&amp;RGB=0x000000&amp;feed=https%3A%2F%2Fpicasaweb.google.com%2Fdata%2Ffeed%2Fapi%2Fuser%2F115339987953246991120%2Falbumid%2F6158320879805385585%3Falt%3Drss%26kind%3Dphoto%26authkey%3DGv1sRgCPyujO_frcrSWA%26hl%3Dca\" height=\"400\" pluginspage=\"http:\/\/www.macromedia.com\/go\/getflashplayer\" src=\"https:\/\/photos.gstatic.com\/media\/slideshow.swf\" type=\"application\/x-shockwave-flash\" width=\"600\"><\/embed> <\/p>\n<p>No et perdis cap detall de l'&#8221;Hola, Sant Pere!&#8221; a <i><b>Canal Reus TV:<\/b><\/i><\/p>\n<p>-Dimarts 9 de juny a les 14h i a les 20h. <b>Not\u00edcies migdia i vespre.<\/b><\/p>\n<p>-Dimarts 9 de juny a les 17.30h.&nbsp; <b>Programa especial &#8220;Hola, Sant Pere!&#8221;.<\/b> (Redifusions a les 20.30h, 22.30h i 00.30h)<\/p>\n<p>-A partir de dijous 11 de juny. <b>V\u00eddeo promocional &#8220;Hola, Sant Pere!&#8221;<\/b><\/p>\n<div style=\"clear: both; text-align: center;\"><a href=\"http:\/\/www.canalreustv.cat\/sites\/default\/files\/spere2015226_1_0.jpg.pagespeed.ce.DkyKBz-W1X.jpg\" style=\"margin-left: 1em; margin-right: 1em;\"><img loading=\"lazy\" decoding=\"async\" border=\"0\" src=\"http:\/\/www.canalreustv.cat\/sites\/default\/files\/spere2015226_1_0.jpg.pagespeed.ce.DkyKBz-W1X.jpg\" height=\"315\" width=\"400\" \/><\/a><\/div>\n<div style=\"text-align: center;\"><b><span style=\"font-size: medium;\"><a href=\"http:\/\/canalreustv.cat\/new\/mes-de-1000-escolars-i-100-mestres-participen-lhola-sant-pere\" target=\"_blank\" rel=\"noopener noreferrer\">CANAL REUS TV:<\/a> Els nens i nenes han simulat l&#8217;\u00c0liga del Seguici Festiu de Reus<\/span><\/b><\/p>\n<\/div>\n<div style=\"text-align: right;\"><\/div>\n<p><iframe loading=\"lazy\" frameborder=\"0\" height=\"600\" src=\"https:\/\/vine.co\/v\/eOKQKtZi3YX\/embed\/simple\" width=\"600\"><\/iframe><\/p>\n","protected":false},"excerpt":{"rendered":"<p>L&#8217;alumnat de segon prim\u00e0ria ha anat aquest mat\u00ed a la pla\u00e7a Mercadal per participar juntament amb altres escoles de l&#8217;&#8221;Hola, Sant Pere!&#8221;<\/p>\n<p>No et perdis cap detall de l&#8217;&#8221;Hola, Sant Pere!&#8221; a Canal Reus TV:<br \/>\n-Dimarts 9 de juny a les 14h i a les 20h.&hellip;  <a href=\"https:\/\/agora.xtec.cat\/ceipmisericordia-reus\/primaria\/2n\/hola-sant-pere\/\" title=\"Read Hola, Sant Pere!\">Llegeix m\u00e9s\u00bb<\/a><\/p>\n","protected":false},"author":1,"featured_media":0,"comment_status":"open","ping_status":"closed","sticky":false,"template":"","format":"standard","meta":{"_bbp_topic_count":0,"_bbp_reply_count":0,"_bbp_total_topic_count":0,"_bbp_total_reply_count":0,"_bbp_voice_count":0,"_bbp_anonymous_reply_count":0,"_bbp_topic_count_hidden":0,"_bbp_reply_count_hidden":0,"_bbp_forum_subforum_count":0,"footnotes":""},"categories":[11,74],"tags":[],"class_list":["post-4412","post","type-post","status-publish","format-standard","hentry","category-2n","category-cicle-inicial"],"post_mailing_queue_ids":[],"_links":{"self":[{"href":"https:\/\/agora.xtec.cat\/ceipmisericordia-reus\/wp-json\/wp\/v2\/posts\/4412","targetHints":{"allow":["GET"]}}],"collection":[{"href":"https:\/\/agora.xtec.cat\/ceipmisericordia-reus\/wp-json\/wp\/v2\/posts"}],"about":[{"href":"https:\/\/agora.xtec.cat\/ceipmisericordia-reus\/wp-json\/wp\/v2\/types\/post"}],"author":[{"embeddable":true,"href":"https:\/\/agora.xtec.cat\/ceipmisericordia-reus\/wp-json\/wp\/v2\/users\/1"}],"replies":[{"embeddable":true,"href":"https:\/\/agora.xtec.cat\/ceipmisericordia-reus\/wp-json\/wp\/v2\/comments?post=4412"}],"version-history":[{"count":0,"href":"https:\/\/agora.xtec.cat\/ceipmisericordia-reus\/wp-json\/wp\/v2\/posts\/4412\/revisions"}],"wp:attachment":[{"href":"https:\/\/agora.xtec.cat\/ceipmisericordia-reus\/wp-json\/wp\/v2\/media?parent=4412"}],"wp:term":[{"taxonomy":"category","embeddable":true,"href":"https:\/\/agora.xtec.cat\/ceipmisericordia-reus\/wp-json\/wp\/v2\/categories?post=4412"},{"taxonomy":"post_tag","embeddable":true,"href":"https:\/\/agora.xtec.cat\/ceipmisericordia-reus\/wp-json\/wp\/v2\/tags?post=4412"}],"curies":[{"name":"wp","href":"https:\/\/api.w.org\/{rel}","templated":true}]}}