{"id":4399,"date":"2015-06-19T12:13:00","date_gmt":"2015-06-19T10:13:00","guid":{"rendered":"https:\/\/agora.xtec.cat\/ceipmisericordia-reus\/general\/festa-de-final-de-curs\/"},"modified":"2015-06-19T12:13:00","modified_gmt":"2015-06-19T10:13:00","slug":"festa-de-final-de-curs","status":"publish","type":"post","link":"https:\/\/agora.xtec.cat\/ceipmisericordia-reus\/infantil\/festa-de-final-de-curs\/","title":{"rendered":"Festa de final de curs!"},"content":{"rendered":"<div style=\"text-align: center;\">Avui hem celebrat el darrer dia del curs i hem gaudit d&#8217;una gimcana i d&#8217;un gelat que ens ha donat l&#8217;AMPA. Tamb\u00e9 hem acomiadat als nens i nenes de sis\u00e8.&nbsp;<\/div>\n<div style=\"text-align: center;\">Ha sigut un dia molt emotiu!<\/p>\n<p><iframe loading=\"lazy\" width=\"640\" height=\"360\" src=\"https:\/\/www.youtube.com\/embed\/jf5517l0Obc?rel=0&amp;showinfo=0\" frameborder=\"0\" allowfullscreen><\/iframe><\/div>\n<p><iframe loading=\"lazy\" width=\"640\" height=\"360\" src=\"https:\/\/www.youtube.com\/embed\/OQ9_VMHTUEc?rel=0&amp;showinfo=0\" frameborder=\"0\" allowfullscreen><\/iframe><\/p>\n<div style=\"text-align: center;\">\n<blockquote data- lang=\"en\"><p><a href=\"https:\/\/imgur.com\/a\/5Lilb\">FESTA DE FINAL DE CURS<\/a><\/p><\/blockquote>\n<p>Per descarregar una fotografia:<br \/>-Si ho feu des del blog, cliqueu sobre d&#8217;ella amb el bot\u00f3 dret del ratol\u00ed i seleccioneu &#8220;desar imatge com&#8230;\/guardar imagen como&#8230;&#8221;<br \/>-Si ho feu des de la p\u00e0gina d&#8217;IMGUR, hi accediu ciclant la foto amb el bot\u00f3 esquerre del ratol\u00ed o seguint aquest <a href=\"http:\/\/imgur.com\/a\/5Lilb#0\" target=\"_blank\" rel=\"noopener noreferrer\">enlla\u00e7<\/a>, cliqueu amb el bot\u00f3 esquerre del ratol\u00ed a la rodeta superior de la imatge i seleccioneu &#8220;Download full resolution&#8221;.&nbsp; <\/div>\n","protected":false},"excerpt":{"rendered":"<p>Avui hem celebrat el darrer dia del curs i hem gaudit d&#8217;una gimcana i d&#8217;un gelat que ens ha donat l&#8217;AMPA. Tamb\u00e9 hem acomiadat als nens i nenes de sis\u00e8.&nbsp;<br \/>\nHa sigut un dia molt emotiu!<\/p>\n<p><a href=\"https:\/\/imgur.com\/a\/5Lilb\">FESTA DE FINAL DE CURS<\/a><br \/>\nPer descarregar una fotografia:-Si ho feu&hellip;  <a href=\"https:\/\/agora.xtec.cat\/ceipmisericordia-reus\/infantil\/festa-de-final-de-curs\/\" title=\"Read Festa de final de curs!\">Llegeix m\u00e9s\u00bb<\/a><\/p>\n","protected":false},"author":1,"featured_media":0,"comment_status":"open","ping_status":"closed","sticky":false,"template":"","format":"standard","meta":{"_bbp_topic_count":0,"_bbp_reply_count":0,"_bbp_total_topic_count":0,"_bbp_total_reply_count":0,"_bbp_voice_count":0,"_bbp_anonymous_reply_count":0,"_bbp_topic_count_hidden":0,"_bbp_reply_count_hidden":0,"_bbp_forum_subforum_count":0,"footnotes":""},"categories":[74,79,80,76,2],"tags":[],"class_list":["post-4399","post","type-post","status-publish","format-standard","hentry","category-cicle-inicial","category-cicle-mitja","category-cicle-superior","category-festes","category-infantil"],"post_mailing_queue_ids":[],"_links":{"self":[{"href":"https:\/\/agora.xtec.cat\/ceipmisericordia-reus\/wp-json\/wp\/v2\/posts\/4399","targetHints":{"allow":["GET"]}}],"collection":[{"href":"https:\/\/agora.xtec.cat\/ceipmisericordia-reus\/wp-json\/wp\/v2\/posts"}],"about":[{"href":"https:\/\/agora.xtec.cat\/ceipmisericordia-reus\/wp-json\/wp\/v2\/types\/post"}],"author":[{"embeddable":true,"href":"https:\/\/agora.xtec.cat\/ceipmisericordia-reus\/wp-json\/wp\/v2\/users\/1"}],"replies":[{"embeddable":true,"href":"https:\/\/agora.xtec.cat\/ceipmisericordia-reus\/wp-json\/wp\/v2\/comments?post=4399"}],"version-history":[{"count":0,"href":"https:\/\/agora.xtec.cat\/ceipmisericordia-reus\/wp-json\/wp\/v2\/posts\/4399\/revisions"}],"wp:attachment":[{"href":"https:\/\/agora.xtec.cat\/ceipmisericordia-reus\/wp-json\/wp\/v2\/media?parent=4399"}],"wp:term":[{"taxonomy":"category","embeddable":true,"href":"https:\/\/agora.xtec.cat\/ceipmisericordia-reus\/wp-json\/wp\/v2\/categories?post=4399"},{"taxonomy":"post_tag","embeddable":true,"href":"https:\/\/agora.xtec.cat\/ceipmisericordia-reus\/wp-json\/wp\/v2\/tags?post=4399"}],"curies":[{"name":"wp","href":"https:\/\/api.w.org\/{rel}","templated":true}]}}