{"id":4391,"date":"2015-11-18T10:30:00","date_gmt":"2015-11-18T09:30:00","guid":{"rendered":"https:\/\/agora.xtec.cat\/ceipmisericordia-reus\/general\/quines-arbequines\/"},"modified":"2015-11-18T10:30:00","modified_gmt":"2015-11-18T09:30:00","slug":"quines-arbequines","status":"publish","type":"post","link":"https:\/\/agora.xtec.cat\/ceipmisericordia-reus\/general\/quines-arbequines\/","title":{"rendered":"Quines arbequines!!!"},"content":{"rendered":"<p>El passat dimecres 11 de novembre, els alumnes de 3r i 4t de l\u2019escola, vam fer el taller: Quina arbequina!!! Primer de tot, el Marcel que \u00e9s el noi que ens va fer el taller, ens va explicar moltes  coses sobre l\u2019oliva i l\u2019oli: tipus d\u2019oliva, com es collien les olives, quines eines s\u2019utilitzen&#8230; Tamb\u00e9 ens va explicar com es feia l\u2019oli abans i com es fa ara. Quina difer\u00e8ncia!!! I sabeu qu\u00e8 ens va dir: que tenim el millor oli del m\u00f3n!!!  Despr\u00e9s d\u2019una estoneta d\u2019explicaci\u00f3 ens vam posar en marxa. Vam agafar el pot de vidre que vam portar de casa i vam baixar a la sala de mestres. El Marcel ho havia preparat tot: les taules, un pl\u00e0stic per no embrutar-les i, havia portat diferents herbes arom\u00e0tiques (fonoll, farigola, roman\u00ed&#8230;) i OLIVES. Ens va dir que  els passos previs ja els havia fet ell a casa: collir les olives i posar-les en remull. Nosaltres vam haver de posar dins del pot, les olives i les herbes que havia portat.  A m\u00e9s a m\u00e9s, vam afegir una mica d\u2019aigua amb sal per a qu\u00e8 es conservin millor. Per acabar, vam tapar el pot i vam posar un tros de tela a sobre la tapa i una etiqueta.  Ah&#8230;&#8230;.. no podem oblidar-nos d\u2019explicar que vam anar a l\u2019hort a provar l\u2019oli amb una llesca de pa, acompanyat d\u2019unes quantes olives. Tamb\u00e9 vam fer un concurs per veure qui llen\u00e7ava el pinyol m\u00e9s lluny. Ens haurem d\u2019esperar uns 2-3 mesos per a provar-les, per\u00f2 segur que ens van quedar bon\u00edssimes!!! Aqu\u00ed teniu un v\u00eddeo amb les fotografies que vam fer aquell dia!<\/p>\n<p><a href=\"https:\/\/www.youtube.com\/watch?v=_W3fdRJULtU&amp;feature=youtu.be\" target=\"_blank\" rel=\"noopener noreferrer\">https:\/\/www.youtube.com\/watch?v=_W3fdRJULtU&amp;feature=youtu.be<\/a><\/p>\n","protected":false},"excerpt":{"rendered":"<p>El passat dimecres 11 de novembre, els alumnes de 3r i 4t de l\u2019escola, vam fer el taller: Quina arbequina!!! Primer de tot, el Marcel que \u00e9s el noi que ens va fer el taller, ens va explicar moltes  coses sobre l\u2019oliva i l\u2019oli:&hellip;  <a href=\"https:\/\/agora.xtec.cat\/ceipmisericordia-reus\/general\/quines-arbequines\/\" title=\"Read Quines arbequines!!!\">Llegeix m\u00e9s\u00bb<\/a><\/p>\n","protected":false},"author":1,"featured_media":0,"comment_status":"open","ping_status":"closed","sticky":false,"template":"","format":"standard","meta":{"_bbp_topic_count":0,"_bbp_reply_count":0,"_bbp_total_topic_count":0,"_bbp_total_reply_count":0,"_bbp_voice_count":0,"_bbp_anonymous_reply_count":0,"_bbp_topic_count_hidden":0,"_bbp_reply_count_hidden":0,"_bbp_forum_subforum_count":0,"footnotes":""},"categories":[1],"tags":[],"class_list":["post-4391","post","type-post","status-publish","format-standard","hentry","category-general"],"post_mailing_queue_ids":[],"_links":{"self":[{"href":"https:\/\/agora.xtec.cat\/ceipmisericordia-reus\/wp-json\/wp\/v2\/posts\/4391","targetHints":{"allow":["GET"]}}],"collection":[{"href":"https:\/\/agora.xtec.cat\/ceipmisericordia-reus\/wp-json\/wp\/v2\/posts"}],"about":[{"href":"https:\/\/agora.xtec.cat\/ceipmisericordia-reus\/wp-json\/wp\/v2\/types\/post"}],"author":[{"embeddable":true,"href":"https:\/\/agora.xtec.cat\/ceipmisericordia-reus\/wp-json\/wp\/v2\/users\/1"}],"replies":[{"embeddable":true,"href":"https:\/\/agora.xtec.cat\/ceipmisericordia-reus\/wp-json\/wp\/v2\/comments?post=4391"}],"version-history":[{"count":0,"href":"https:\/\/agora.xtec.cat\/ceipmisericordia-reus\/wp-json\/wp\/v2\/posts\/4391\/revisions"}],"wp:attachment":[{"href":"https:\/\/agora.xtec.cat\/ceipmisericordia-reus\/wp-json\/wp\/v2\/media?parent=4391"}],"wp:term":[{"taxonomy":"category","embeddable":true,"href":"https:\/\/agora.xtec.cat\/ceipmisericordia-reus\/wp-json\/wp\/v2\/categories?post=4391"},{"taxonomy":"post_tag","embeddable":true,"href":"https:\/\/agora.xtec.cat\/ceipmisericordia-reus\/wp-json\/wp\/v2\/tags?post=4391"}],"curies":[{"name":"wp","href":"https:\/\/api.w.org\/{rel}","templated":true}]}}