{"id":4329,"date":"2016-02-09T12:23:00","date_gmt":"2016-02-09T11:23:00","guid":{"rendered":"https:\/\/agora.xtec.cat\/ceipmisericordia-reus\/general\/carnaval-escola-misericordia-2016\/"},"modified":"2016-02-09T12:23:00","modified_gmt":"2016-02-09T11:23:00","slug":"carnaval-escola-misericordia-2016","status":"publish","type":"post","link":"https:\/\/agora.xtec.cat\/ceipmisericordia-reus\/general\/carnaval-escola-misericordia-2016\/","title":{"rendered":"Carnaval Escola Miseric\u00f2rdia 2016"},"content":{"rendered":"<p>El divendres passat vam celebrar la festa del Carnestoltes. Els alumnes de l&#8217;aula d&#8217;acollida de cicle superior,&nbsp; van llegir el preg\u00f3 que s&#8217;havien preparat pr\u00e8viament. Ho van fer molt b\u00e9 i va ser molt divertit.<br \/>A continuaci\u00f3, per cicles vam ballar la can\u00e7\u00f3 que ens hav\u00edem preparat i aix\u00ed, vam poder lluir les nostres disfresses.<br \/>Per acabar, vam ballar tots junts a la pista.<br \/>Volem agrair la col\u00b7laboraci\u00f3 de les fam\u00edlies i dels mestres.<iframe loading=\"lazy\" allowfullscreen=\"\" frameborder=\"0\" height=\"315\" src=\"https:\/\/www.youtube.com\/embed\/D86Go1LG7lw\" width=\"560\"><\/iframe><\/p>\n","protected":false},"excerpt":{"rendered":"<p>El divendres passat vam celebrar la festa del Carnestoltes. Els alumnes de l&#8217;aula d&#8217;acollida de cicle superior,&nbsp; van llegir el preg\u00f3 que s&#8217;havien preparat pr\u00e8viament. Ho van fer molt b\u00e9 i va ser molt divertit.A continuaci\u00f3, per cicles vam ballar la can\u00e7\u00f3 que ens hav\u00edem&hellip;  <a href=\"https:\/\/agora.xtec.cat\/ceipmisericordia-reus\/general\/carnaval-escola-misericordia-2016\/\" title=\"Read Carnaval Escola Miseric\u00f2rdia 2016\">Llegeix m\u00e9s\u00bb<\/a><\/p>\n","protected":false},"author":1,"featured_media":0,"comment_status":"open","ping_status":"closed","sticky":false,"template":"","format":"standard","meta":{"_bbp_topic_count":0,"_bbp_reply_count":0,"_bbp_total_topic_count":0,"_bbp_total_reply_count":0,"_bbp_voice_count":0,"_bbp_anonymous_reply_count":0,"_bbp_topic_count_hidden":0,"_bbp_reply_count_hidden":0,"_bbp_forum_subforum_count":0,"footnotes":""},"categories":[1],"tags":[],"class_list":["post-4329","post","type-post","status-publish","format-standard","hentry","category-general"],"post_mailing_queue_ids":[],"_links":{"self":[{"href":"https:\/\/agora.xtec.cat\/ceipmisericordia-reus\/wp-json\/wp\/v2\/posts\/4329","targetHints":{"allow":["GET"]}}],"collection":[{"href":"https:\/\/agora.xtec.cat\/ceipmisericordia-reus\/wp-json\/wp\/v2\/posts"}],"about":[{"href":"https:\/\/agora.xtec.cat\/ceipmisericordia-reus\/wp-json\/wp\/v2\/types\/post"}],"author":[{"embeddable":true,"href":"https:\/\/agora.xtec.cat\/ceipmisericordia-reus\/wp-json\/wp\/v2\/users\/1"}],"replies":[{"embeddable":true,"href":"https:\/\/agora.xtec.cat\/ceipmisericordia-reus\/wp-json\/wp\/v2\/comments?post=4329"}],"version-history":[{"count":0,"href":"https:\/\/agora.xtec.cat\/ceipmisericordia-reus\/wp-json\/wp\/v2\/posts\/4329\/revisions"}],"wp:attachment":[{"href":"https:\/\/agora.xtec.cat\/ceipmisericordia-reus\/wp-json\/wp\/v2\/media?parent=4329"}],"wp:term":[{"taxonomy":"category","embeddable":true,"href":"https:\/\/agora.xtec.cat\/ceipmisericordia-reus\/wp-json\/wp\/v2\/categories?post=4329"},{"taxonomy":"post_tag","embeddable":true,"href":"https:\/\/agora.xtec.cat\/ceipmisericordia-reus\/wp-json\/wp\/v2\/tags?post=4329"}],"curies":[{"name":"wp","href":"https:\/\/api.w.org\/{rel}","templated":true}]}}