{"id":4325,"date":"2016-02-13T08:54:00","date_gmt":"2016-02-13T07:54:00","guid":{"rendered":"https:\/\/agora.xtec.cat\/ceipmisericordia-reus\/general\/carnaval-a-p4\/"},"modified":"2016-02-13T08:54:00","modified_gmt":"2016-02-13T07:54:00","slug":"carnaval-a-p4","status":"publish","type":"post","link":"https:\/\/agora.xtec.cat\/ceipmisericordia-reus\/infantil\/carnaval-a-p4\/","title":{"rendered":"Carnaval a p4"},"content":{"rendered":"<p>La setmana passada va arribar el Rei Carnestoltes a l&#8217;escola omplint de festa, gresca, alegria i ordres divertides a tothom.<br \/>Nosaltres, els nens i nenes de P4, vam seguir totes les ordres al peu de la lletra. Vam comen\u00e7ar la setmana tots d&#8217;un color, despr\u00e9s un barret al cap, a mitja setmana an\u00e0vem ben mudats a l&#8217;escola, pel dijous Gras una m\u00e0scara ens vam posar i&#8230;per fi vam arribar ben disfressats el divendres. <\/p>\n<p>Mireu com els Rumberos i Rumberes gaudim del carnaval!!!<\/p>\n<p>  <embed type=\"application\/x-shockwave-flash\" src=\"https:\/\/photos.gstatic.com\/media\/slideshow.swf\" width=\"600\" height=\"400\" flashvars=\"host=picasaweb.google.com&#038;hl=ca&#038;feat=flashalbum&#038;RGB=0x000000&#038;feed=https%3A%2F%2Fpicasaweb.google.com%2Fdata%2Ffeed%2Fapi%2Fuser%2F115339987953246991120%2Falbumid%2F6250675544201316193%3Falt%3Drss%26kind%3Dphoto%26authkey%3DGv1sRgCN7VzbeNp_DBIw%26hl%3Dca\" pluginspage=\"http:\/\/www.macromedia.com\/go\/getflashplayer\"><\/embed><\/p>\n","protected":false},"excerpt":{"rendered":"<p>La setmana passada va arribar el Rei Carnestoltes a l&#8217;escola omplint de festa, gresca, alegria i ordres divertides a tothom.Nosaltres, els nens i nenes de P4, vam seguir totes les ordres al peu de la lletra. Vam comen\u00e7ar la setmana tots d&#8217;un color, despr\u00e9s un&hellip;  <a href=\"https:\/\/agora.xtec.cat\/ceipmisericordia-reus\/infantil\/carnaval-a-p4\/\" title=\"Read Carnaval a p4\">Llegeix m\u00e9s\u00bb<\/a><\/p>\n","protected":false},"author":1,"featured_media":0,"comment_status":"open","ping_status":"closed","sticky":false,"template":"","format":"standard","meta":{"_bbp_topic_count":0,"_bbp_reply_count":0,"_bbp_total_topic_count":0,"_bbp_total_reply_count":0,"_bbp_voice_count":0,"_bbp_anonymous_reply_count":0,"_bbp_topic_count_hidden":0,"_bbp_reply_count_hidden":0,"_bbp_forum_subforum_count":0,"footnotes":""},"categories":[2,8],"tags":[],"class_list":["post-4325","post","type-post","status-publish","format-standard","hentry","category-infantil","category-p4"],"post_mailing_queue_ids":[],"_links":{"self":[{"href":"https:\/\/agora.xtec.cat\/ceipmisericordia-reus\/wp-json\/wp\/v2\/posts\/4325","targetHints":{"allow":["GET"]}}],"collection":[{"href":"https:\/\/agora.xtec.cat\/ceipmisericordia-reus\/wp-json\/wp\/v2\/posts"}],"about":[{"href":"https:\/\/agora.xtec.cat\/ceipmisericordia-reus\/wp-json\/wp\/v2\/types\/post"}],"author":[{"embeddable":true,"href":"https:\/\/agora.xtec.cat\/ceipmisericordia-reus\/wp-json\/wp\/v2\/users\/1"}],"replies":[{"embeddable":true,"href":"https:\/\/agora.xtec.cat\/ceipmisericordia-reus\/wp-json\/wp\/v2\/comments?post=4325"}],"version-history":[{"count":0,"href":"https:\/\/agora.xtec.cat\/ceipmisericordia-reus\/wp-json\/wp\/v2\/posts\/4325\/revisions"}],"wp:attachment":[{"href":"https:\/\/agora.xtec.cat\/ceipmisericordia-reus\/wp-json\/wp\/v2\/media?parent=4325"}],"wp:term":[{"taxonomy":"category","embeddable":true,"href":"https:\/\/agora.xtec.cat\/ceipmisericordia-reus\/wp-json\/wp\/v2\/categories?post=4325"},{"taxonomy":"post_tag","embeddable":true,"href":"https:\/\/agora.xtec.cat\/ceipmisericordia-reus\/wp-json\/wp\/v2\/tags?post=4325"}],"curies":[{"name":"wp","href":"https:\/\/api.w.org\/{rel}","templated":true}]}}