{"id":4303,"date":"2016-03-31T10:49:00","date_gmt":"2016-03-31T08:49:00","guid":{"rendered":"https:\/\/agora.xtec.cat\/ceipmisericordia-reus\/general\/inaguracio-34a-olimpiades-escolars\/"},"modified":"2016-03-31T10:49:00","modified_gmt":"2016-03-31T08:49:00","slug":"inaguracio-34a-olimpiades-escolars","status":"publish","type":"post","link":"https:\/\/agora.xtec.cat\/ceipmisericordia-reus\/general\/inaguracio-34a-olimpiades-escolars\/","title":{"rendered":"INAGURACI\u00d3 34\u00aa OLIMPIADES ESCOLARS"},"content":{"rendered":"<div align=\"center\" style=\"text-align: center;\"><b><span style=\"font-size: 16.0pt; line-height: 115%;\">INAGURACI\u00d3 34\u00aa OLIMPIADES ESCOLARS<o:p><\/o:p><\/span><\/b><\/div>\n<div align=\"center\" style=\"text-align: center;\"><\/div>\n<div style=\"text-align: justify;\"><b><span lang=\"CA\">Divendres 1 d\u2019abril comencen les olimp\u00edades escolars. Esteu tots convidats a gaudir de l\u2019experi\u00e8ncia. L\u2019Izan Hortal Molina ser\u00e0 el responsable de representar a la nostra escola portant la torxa ol\u00edmpica a la mateixa pla\u00e7a Llibertat.<o:p><\/o:p><\/span><\/b><\/div>\n<div style=\"text-align: justify;\"><a href=\"http:\/\/olimpiadaescolar.jimdo.com\/presentaci%C3%B3\/inauguraci%C3%B3\/\">http:\/\/olimpiadaescolar.jimdo.com\/presentaci%C3%B3\/inauguraci%C3%B3\/<\/a><b><o:p><\/o:p><\/b><\/div>\n<p><\/p>\n<div><\/div>\n<div>Disfruteu molt!!!!<\/div>\n","protected":false},"excerpt":{"rendered":"<p>INAGURACI\u00d3 34\u00aa OLIMPIADES ESCOLARS<\/p>\n<p>Divendres 1 d\u2019abril comencen les olimp\u00edades escolars. Esteu tots convidats a gaudir de l\u2019experi\u00e8ncia. L\u2019Izan Hortal Molina ser\u00e0 el responsable de representar a la nostra escola portant la torxa ol\u00edmpica a la mateixa pla\u00e7a Llibertat.<br \/>\n<a href=\"http:\/\/olimpiadaescolar.jimdo.com\/presentaci%C3%B3\/inauguraci%C3%B3\/\">http:\/\/olimpiadaescolar.jimdo.com\/presentaci%C3%B3\/inauguraci%C3%B3\/<\/a><\/p>\n<p>Disfruteu molt!!!!<\/p>\n","protected":false},"author":1,"featured_media":0,"comment_status":"open","ping_status":"closed","sticky":false,"template":"","format":"standard","meta":{"_bbp_topic_count":0,"_bbp_reply_count":0,"_bbp_total_topic_count":0,"_bbp_total_reply_count":0,"_bbp_voice_count":0,"_bbp_anonymous_reply_count":0,"_bbp_topic_count_hidden":0,"_bbp_reply_count_hidden":0,"_bbp_forum_subforum_count":0,"footnotes":""},"categories":[1],"tags":[],"class_list":["post-4303","post","type-post","status-publish","format-standard","hentry","category-general"],"post_mailing_queue_ids":[],"_links":{"self":[{"href":"https:\/\/agora.xtec.cat\/ceipmisericordia-reus\/wp-json\/wp\/v2\/posts\/4303","targetHints":{"allow":["GET"]}}],"collection":[{"href":"https:\/\/agora.xtec.cat\/ceipmisericordia-reus\/wp-json\/wp\/v2\/posts"}],"about":[{"href":"https:\/\/agora.xtec.cat\/ceipmisericordia-reus\/wp-json\/wp\/v2\/types\/post"}],"author":[{"embeddable":true,"href":"https:\/\/agora.xtec.cat\/ceipmisericordia-reus\/wp-json\/wp\/v2\/users\/1"}],"replies":[{"embeddable":true,"href":"https:\/\/agora.xtec.cat\/ceipmisericordia-reus\/wp-json\/wp\/v2\/comments?post=4303"}],"version-history":[{"count":0,"href":"https:\/\/agora.xtec.cat\/ceipmisericordia-reus\/wp-json\/wp\/v2\/posts\/4303\/revisions"}],"wp:attachment":[{"href":"https:\/\/agora.xtec.cat\/ceipmisericordia-reus\/wp-json\/wp\/v2\/media?parent=4303"}],"wp:term":[{"taxonomy":"category","embeddable":true,"href":"https:\/\/agora.xtec.cat\/ceipmisericordia-reus\/wp-json\/wp\/v2\/categories?post=4303"},{"taxonomy":"post_tag","embeddable":true,"href":"https:\/\/agora.xtec.cat\/ceipmisericordia-reus\/wp-json\/wp\/v2\/tags?post=4303"}],"curies":[{"name":"wp","href":"https:\/\/api.w.org\/{rel}","templated":true}]}}