{"id":4300,"date":"2016-04-08T20:03:00","date_gmt":"2016-04-08T18:03:00","guid":{"rendered":"https:\/\/agora.xtec.cat\/ceipmisericordia-reus\/general\/anem-al-teatre-educacio-infantil\/"},"modified":"2016-04-08T20:03:00","modified_gmt":"2016-04-08T18:03:00","slug":"anem-al-teatre-educacio-infantil","status":"publish","type":"post","link":"https:\/\/agora.xtec.cat\/ceipmisericordia-reus\/infantil\/anem-al-teatre-educacio-infantil\/","title":{"rendered":"Anem al teatre; Educaci\u00f3 Infantil"},"content":{"rendered":"<p>El passat divendres 1 d&#8217;abril els alumnes d&#8217;Educaci\u00f3 Infantil vam anar al teatre.<br \/>A pesar del mal temps que l&#8217;arribada de la primavera ens va jugar, res ens va fer perdre l&#8217;entusiasme d&#8217;anar a veure l&#8217;obra de teatre <strong>&#8220;Petits pr\u00ednceps&#8221;<\/strong> de la companyia teatral&nbsp;Mumusiccircus&nbsp;a l&#8217;escola &#8220;La Salle&#8221; de Reus.<br \/>La m\u00e0gia, la m\u00fasica, les llums, els jocs,&#8230;ens van omplir a tots i totes&nbsp;per endinsar-nos en un m\u00f3n fant\u00e0stic!<\/p>\n<p>  <embed type=\"application\/x-shockwave-flash\" src=\"https:\/\/photos.gstatic.com\/media\/slideshow.swf\" width=\"600\" height=\"400\" flashvars=\"host=picasaweb.google.com&#038;hl=ca&#038;feat=flashalbum&#038;RGB=0x000000&#038;feed=https%3A%2F%2Fpicasaweb.google.com%2Fdata%2Ffeed%2Fapi%2Fuser%2F115339987953246991120%2Falbumid%2F6271255259082176705%3Falt%3Drss%26kind%3Dphoto%26authkey%3DGv1sRgCP3GoaiOlerZYA%26hl%3Dca\" pluginspage=\"http:\/\/www.macromedia.com\/go\/getflashplayer\"><\/embed><\/p>\n","protected":false},"excerpt":{"rendered":"<p>El passat divendres 1 d&#8217;abril els alumnes d&#8217;Educaci\u00f3 Infantil vam anar al teatre.A pesar del mal temps que l&#8217;arribada de la primavera ens va jugar, res ens va fer perdre l&#8217;entusiasme d&#8217;anar a veure l&#8217;obra de teatre &#8220;Petits pr\u00ednceps&#8221; de la companyia teatral&nbsp;Mumusiccircus&nbsp;a l&#8217;escola &#8220;La&hellip;  <a href=\"https:\/\/agora.xtec.cat\/ceipmisericordia-reus\/infantil\/anem-al-teatre-educacio-infantil\/\" title=\"Read Anem al teatre; Educaci\u00f3 Infantil\">Llegeix m\u00e9s\u00bb<\/a><\/p>\n","protected":false},"author":1,"featured_media":0,"comment_status":"open","ping_status":"closed","sticky":false,"template":"","format":"standard","meta":{"_bbp_topic_count":0,"_bbp_reply_count":0,"_bbp_total_topic_count":0,"_bbp_total_reply_count":0,"_bbp_voice_count":0,"_bbp_anonymous_reply_count":0,"_bbp_topic_count_hidden":0,"_bbp_reply_count_hidden":0,"_bbp_forum_subforum_count":0,"footnotes":""},"categories":[2],"tags":[],"class_list":["post-4300","post","type-post","status-publish","format-standard","hentry","category-infantil"],"post_mailing_queue_ids":[],"_links":{"self":[{"href":"https:\/\/agora.xtec.cat\/ceipmisericordia-reus\/wp-json\/wp\/v2\/posts\/4300","targetHints":{"allow":["GET"]}}],"collection":[{"href":"https:\/\/agora.xtec.cat\/ceipmisericordia-reus\/wp-json\/wp\/v2\/posts"}],"about":[{"href":"https:\/\/agora.xtec.cat\/ceipmisericordia-reus\/wp-json\/wp\/v2\/types\/post"}],"author":[{"embeddable":true,"href":"https:\/\/agora.xtec.cat\/ceipmisericordia-reus\/wp-json\/wp\/v2\/users\/1"}],"replies":[{"embeddable":true,"href":"https:\/\/agora.xtec.cat\/ceipmisericordia-reus\/wp-json\/wp\/v2\/comments?post=4300"}],"version-history":[{"count":0,"href":"https:\/\/agora.xtec.cat\/ceipmisericordia-reus\/wp-json\/wp\/v2\/posts\/4300\/revisions"}],"wp:attachment":[{"href":"https:\/\/agora.xtec.cat\/ceipmisericordia-reus\/wp-json\/wp\/v2\/media?parent=4300"}],"wp:term":[{"taxonomy":"category","embeddable":true,"href":"https:\/\/agora.xtec.cat\/ceipmisericordia-reus\/wp-json\/wp\/v2\/categories?post=4300"},{"taxonomy":"post_tag","embeddable":true,"href":"https:\/\/agora.xtec.cat\/ceipmisericordia-reus\/wp-json\/wp\/v2\/tags?post=4300"}],"curies":[{"name":"wp","href":"https:\/\/api.w.org\/{rel}","templated":true}]}}