{"id":4276,"date":"2016-04-30T08:50:00","date_gmt":"2016-04-30T06:50:00","guid":{"rendered":"https:\/\/agora.xtec.cat\/ceipmisericordia-reus\/general\/jornades-culturals-a-infantil-2\/"},"modified":"2016-04-30T08:50:00","modified_gmt":"2016-04-30T06:50:00","slug":"jornades-culturals-a-infantil-2","status":"publish","type":"post","link":"https:\/\/agora.xtec.cat\/ceipmisericordia-reus\/infantil\/jornades-culturals-a-infantil-2\/","title":{"rendered":"Jornades Culturals a Infantil"},"content":{"rendered":"<p>Durant la setmana del 18 al 22 d&#8217;abril, tota l&#8217;escola Miseric\u00f2rdia vam gaudir de les Jornades Culturals. Aquest any, el tema a treballar han sigut els ESTILS MUSICALS!<br \/>Els nens i nenes d&#8217;Educaci\u00f3 Infantil hem gaudit de&nbsp;cinc estils musicals, alguns d&#8217;ells molt representatius per nosaltres ja que s\u00f3n el nom de la nostra classe. La salsa, el country, la rumba, el rock and roll i la m\u00fasica cl\u00e0ssica han sigut els ritmes amb els que ens hem mogut tota la setmana.<\/p>\n<p>Gaudiu mirant als m\u00e9s petits de l&#8217;escola com es transformen en aut\u00e8ntics cowboys, es relaxen amb la m\u00fasica cl\u00e0ssica, ballen a ritme de salsa i rumba i, es mouen a ritme d&#8217;un potent rock and roll!!<br \/>   <embed type=\"application\/x-shockwave-flash\" src=\"https:\/\/photos.gstatic.com\/media\/slideshow.swf\" width=\"600\" height=\"400\" flashvars=\"host=picasaweb.google.com&#038;hl=ca&#038;feat=flashalbum&#038;RGB=0x000000&#038;feed=https%3A%2F%2Fpicasaweb.google.com%2Fdata%2Ffeed%2Fapi%2Fuser%2F115339987953246991120%2Falbumid%2F6279235165978454753%3Falt%3Drss%26kind%3Dphoto%26authkey%3DGv1sRgCI22gOq39fXUsQE%26hl%3Dca\" pluginspage=\"http:\/\/www.macromedia.com\/go\/getflashplayer\"><\/embed><\/p>\n","protected":false},"excerpt":{"rendered":"<p>Durant la setmana del 18 al 22 d&#8217;abril, tota l&#8217;escola Miseric\u00f2rdia vam gaudir de les Jornades Culturals. Aquest any, el tema a treballar han sigut els ESTILS MUSICALS!Els nens i nenes d&#8217;Educaci\u00f3 Infantil hem gaudit de&nbsp;cinc estils musicals, alguns d&#8217;ells molt representatius per nosaltres ja&hellip;  <a href=\"https:\/\/agora.xtec.cat\/ceipmisericordia-reus\/infantil\/jornades-culturals-a-infantil-2\/\" title=\"Read Jornades Culturals a Infantil\">Llegeix m\u00e9s\u00bb<\/a><\/p>\n","protected":false},"author":1,"featured_media":0,"comment_status":"open","ping_status":"closed","sticky":false,"template":"","format":"standard","meta":{"_bbp_topic_count":0,"_bbp_reply_count":0,"_bbp_total_topic_count":0,"_bbp_total_reply_count":0,"_bbp_voice_count":0,"_bbp_anonymous_reply_count":0,"_bbp_topic_count_hidden":0,"_bbp_reply_count_hidden":0,"_bbp_forum_subforum_count":0,"footnotes":""},"categories":[2],"tags":[],"class_list":["post-4276","post","type-post","status-publish","format-standard","hentry","category-infantil"],"post_mailing_queue_ids":[],"_links":{"self":[{"href":"https:\/\/agora.xtec.cat\/ceipmisericordia-reus\/wp-json\/wp\/v2\/posts\/4276","targetHints":{"allow":["GET"]}}],"collection":[{"href":"https:\/\/agora.xtec.cat\/ceipmisericordia-reus\/wp-json\/wp\/v2\/posts"}],"about":[{"href":"https:\/\/agora.xtec.cat\/ceipmisericordia-reus\/wp-json\/wp\/v2\/types\/post"}],"author":[{"embeddable":true,"href":"https:\/\/agora.xtec.cat\/ceipmisericordia-reus\/wp-json\/wp\/v2\/users\/1"}],"replies":[{"embeddable":true,"href":"https:\/\/agora.xtec.cat\/ceipmisericordia-reus\/wp-json\/wp\/v2\/comments?post=4276"}],"version-history":[{"count":0,"href":"https:\/\/agora.xtec.cat\/ceipmisericordia-reus\/wp-json\/wp\/v2\/posts\/4276\/revisions"}],"wp:attachment":[{"href":"https:\/\/agora.xtec.cat\/ceipmisericordia-reus\/wp-json\/wp\/v2\/media?parent=4276"}],"wp:term":[{"taxonomy":"category","embeddable":true,"href":"https:\/\/agora.xtec.cat\/ceipmisericordia-reus\/wp-json\/wp\/v2\/categories?post=4276"},{"taxonomy":"post_tag","embeddable":true,"href":"https:\/\/agora.xtec.cat\/ceipmisericordia-reus\/wp-json\/wp\/v2\/tags?post=4276"}],"curies":[{"name":"wp","href":"https:\/\/api.w.org\/{rel}","templated":true}]}}