{"id":4268,"date":"2016-05-18T14:52:00","date_gmt":"2016-05-18T12:52:00","guid":{"rendered":"https:\/\/agora.xtec.cat\/ceipmisericordia-reus\/general\/que-hi-ha-dins-la-caixa-p4\/"},"modified":"2016-05-18T14:52:00","modified_gmt":"2016-05-18T12:52:00","slug":"que-hi-ha-dins-la-caixa-p4","status":"publish","type":"post","link":"https:\/\/agora.xtec.cat\/ceipmisericordia-reus\/infantil\/que-hi-ha-dins-la-caixa-p4\/","title":{"rendered":"Qu\u00e8 hi ha dins la caixa? P4"},"content":{"rendered":"<p>Els nens i nenes de P4 al llarg de tot el curs hem fet una activitat conjunta entre fam\u00edlies i escola.<br \/>&#8220;Qu\u00e8 hi ha dins la caixa?&#8221; \u00e9s una activitat d&#8217;expressi\u00f3 oral on l&#8217;infant desenvolupa la capacitat&nbsp;d&#8217;expressi\u00f3 oral davant dels altres, l&#8217;ampliaci\u00f3 i l&#8217;\u00fas adequat del idioma i de la construcci\u00f3 de frases, l&#8217;adquisici\u00f3 de nou vocabulari,&#8230; per\u00f2 sobretot, tamb\u00e9 es desenvolupa i s&#8217;estreny&nbsp;el vincle emocional entre l&#8217;infant i els seus pares.<br \/>Mireu tot el que han portat i com han treballat a casa els rumberos!!!!   <embed flashvars=\"host=picasaweb.google.com&amp;hl=ca&amp;feat=flashalbum&amp;RGB=0x000000&amp;feed=https%3A%2F%2Fpicasaweb.google.com%2Fdata%2Ffeed%2Fapi%2Fuser%2F115339987953246991120%2Falbumid%2F6284196976528349825%3Falt%3Drss%26kind%3Dphoto%26authkey%3DGv1sRgCIuemp-InIr29gE%26hl%3Dca\" height=\"400\" pluginspage=\"http:\/\/www.macromedia.com\/go\/getflashplayer\" src=\"https:\/\/photos.gstatic.com\/media\/slideshow.swf\" type=\"application\/x-shockwave-flash\" width=\"600\"><\/embed><\/p>\n","protected":false},"excerpt":{"rendered":"<p>Els nens i nenes de P4 al llarg de tot el curs hem fet una activitat conjunta entre fam\u00edlies i escola.&#8220;Qu\u00e8 hi ha dins la caixa?&#8221; \u00e9s una activitat d&#8217;expressi\u00f3 oral on l&#8217;infant desenvolupa la capacitat&nbsp;d&#8217;expressi\u00f3 oral davant dels altres, l&#8217;ampliaci\u00f3 i l&#8217;\u00fas adequat del&hellip;  <a href=\"https:\/\/agora.xtec.cat\/ceipmisericordia-reus\/infantil\/que-hi-ha-dins-la-caixa-p4\/\" title=\"Read Qu\u00e8 hi ha dins la caixa? P4\">Llegeix m\u00e9s\u00bb<\/a><\/p>\n","protected":false},"author":1,"featured_media":0,"comment_status":"open","ping_status":"closed","sticky":false,"template":"","format":"standard","meta":{"_bbp_topic_count":0,"_bbp_reply_count":0,"_bbp_total_topic_count":0,"_bbp_total_reply_count":0,"_bbp_voice_count":0,"_bbp_anonymous_reply_count":0,"_bbp_topic_count_hidden":0,"_bbp_reply_count_hidden":0,"_bbp_forum_subforum_count":0,"footnotes":""},"categories":[2,8],"tags":[],"class_list":["post-4268","post","type-post","status-publish","format-standard","hentry","category-infantil","category-p4"],"post_mailing_queue_ids":[],"_links":{"self":[{"href":"https:\/\/agora.xtec.cat\/ceipmisericordia-reus\/wp-json\/wp\/v2\/posts\/4268","targetHints":{"allow":["GET"]}}],"collection":[{"href":"https:\/\/agora.xtec.cat\/ceipmisericordia-reus\/wp-json\/wp\/v2\/posts"}],"about":[{"href":"https:\/\/agora.xtec.cat\/ceipmisericordia-reus\/wp-json\/wp\/v2\/types\/post"}],"author":[{"embeddable":true,"href":"https:\/\/agora.xtec.cat\/ceipmisericordia-reus\/wp-json\/wp\/v2\/users\/1"}],"replies":[{"embeddable":true,"href":"https:\/\/agora.xtec.cat\/ceipmisericordia-reus\/wp-json\/wp\/v2\/comments?post=4268"}],"version-history":[{"count":0,"href":"https:\/\/agora.xtec.cat\/ceipmisericordia-reus\/wp-json\/wp\/v2\/posts\/4268\/revisions"}],"wp:attachment":[{"href":"https:\/\/agora.xtec.cat\/ceipmisericordia-reus\/wp-json\/wp\/v2\/media?parent=4268"}],"wp:term":[{"taxonomy":"category","embeddable":true,"href":"https:\/\/agora.xtec.cat\/ceipmisericordia-reus\/wp-json\/wp\/v2\/categories?post=4268"},{"taxonomy":"post_tag","embeddable":true,"href":"https:\/\/agora.xtec.cat\/ceipmisericordia-reus\/wp-json\/wp\/v2\/tags?post=4268"}],"curies":[{"name":"wp","href":"https:\/\/api.w.org\/{rel}","templated":true}]}}