{"id":4264,"date":"2016-05-23T07:30:00","date_gmt":"2016-05-23T05:30:00","guid":{"rendered":"https:\/\/agora.xtec.cat\/ceipmisericordia-reus\/general\/donem-la-nota-amb-pluja-de-sons\/"},"modified":"2016-05-23T07:30:00","modified_gmt":"2016-05-23T05:30:00","slug":"donem-la-nota-amb-pluja-de-sons","status":"publish","type":"post","link":"https:\/\/agora.xtec.cat\/ceipmisericordia-reus\/musica\/donem-la-nota-amb-pluja-de-sons\/","title":{"rendered":"DONEM LA NOTA AMB PLUJA DE SONS"},"content":{"rendered":"<div style=\"background-color: white; background-image: initial; background-repeat: initial; border: 0px; color: #666666; font-family: 'Open Sans', 'Lucida Sans Unicode', 'Lucida Grande', sans-serif; font-size: 14px; line-height: 22.3999996185303px; margin-bottom: 20px; outline: 0px; padding: 0px; text-align: center; vertical-align: baseline;\"><span style=\"line-height: 22.3999996185303px;\">Des del CdA Pau Casals estan duent a terme&nbsp; un projecte on els agradaria que particip\u00e9ssim tots els centres educatius de Catalunya que creiem que la m\u00fasica \u00e9s un element important\u00edssim i b\u00e0sic per a l\u2019educaci\u00f3 dels&nbsp; nostres alumnes.<\/span><\/div>\n<div style=\"background-color: white; background-image: initial; background-repeat: initial; border: 0px; color: #666666; font-family: 'Open Sans', 'Lucida Sans Unicode', 'Lucida Grande', sans-serif; font-size: 14px; line-height: 22.3999996185303px; margin-bottom: 20px; outline: 0px; padding: 0px; text-align: center; vertical-align: baseline;\">La seva intenci\u00f3 \u00e9s explicar novament al m\u00f3n, que estimem la m\u00fasica, que \u00e9s indispensable pel nostre dia a dia, que ens acompanya en molts moments importants de la vida i volem que&nbsp;continu\u00ef sent indispensable en l\u2019educaci\u00f3 dels nostres infants.<\/div>\n<div style=\"background-color: white; background-image: initial; background-repeat: initial; border: 0px; color: #666666; font-family: 'Open Sans', 'Lucida Sans Unicode', 'Lucida Grande', sans-serif; font-size: 14px; line-height: 22.3999996185303px; margin-bottom: 20px; outline: 0px; padding: 0px; text-align: justify; vertical-align: baseline;\"><strong style=\"background-image: initial; background-repeat: initial; border: 0px; margin: 0px; outline: 0px; padding: 0px; vertical-align: baseline;\">Qu\u00e8 ens proposen?<\/strong><\/div>\n<div style=\"background-color: white; background-image: initial; background-repeat: initial; border: 0px; color: #666666; font-family: 'Open Sans', 'Lucida Sans Unicode', 'Lucida Grande', sans-serif; font-size: 14px; line-height: 22.3999996185303px; margin-bottom: 20px; outline: 0px; padding: 0px; text-align: center; vertical-align: baseline;\">Cantar amb tots els nostres alumnes la&nbsp;can\u00e7\u00f3 \u201c<i style=\"background-image: initial; background-repeat: initial; border: 0px; margin: 0px; outline: 0px; padding: 0px; vertical-align: baseline;\">Pluja de Sons<\/i>\u201d composada per a l\u2019ocasi\u00f3,&nbsp;simult\u00e0niament amb la resta d\u2019escoles i instituts de tot Catalunya.<\/div>\n<h2 style=\"background-color: white; background-image: initial; background-repeat: initial; border: 0px; color: #555555; font-family: 'Open Sans', sans-serif; font-size: 24px; font-weight: inherit; line-height: 1.4; margin: 0px 0px 15px; outline: 0px; padding: 0px; vertical-align: baseline;\">Omplim de m\u00fasica i dansa els nostres patis, aules, carrers, places \u2026&nbsp;el proper dia 10 de juny de 2016 &nbsp;a les 11 del mat\u00ed.<\/h2>\n<div style=\"background-color: white; color: #222222; font-family: arial, sans-serif; font-size: 13px; text-align: start;\">&nbsp;Aqu\u00ed us deixem:<\/div>\n<div style=\"background-color: white; color: #222222; font-family: arial, sans-serif; font-size: 13px; text-align: start;\"><\/div>\n<div style=\"background-color: white; color: #222222; font-family: arial, sans-serif; font-size: 13px; text-align: start;\">\n<ul>\n<li>&nbsp;El videoclip perqu\u00e8 el pugu\u00e9ssiu veure tantes vegades com vulgueu!:<\/li>\n<\/ul>\n<\/div>\n<div style=\"background-color: white; color: #222222; font-family: arial, sans-serif; font-size: 13px; text-align: start;\"><\/div>\n<div style=\"background-color: white; color: #222222; font-family: arial, sans-serif; font-size: 13px; text-align: center;\"><a href=\"https:\/\/youtu.be\/gp95IEUIFSE\" target=\"_blank\" rel=\"noopener noreferrer\">https:\/\/youtu.be\/gp95IEUIFSE<\/a><\/div>\n<div style=\"background-color: white; color: #222222; font-family: arial, sans-serif; font-size: 13px; text-align: center;\"><\/div>\n<div style=\"background-color: white; color: #222222; font-family: arial, sans-serif; font-size: 13px; text-align: center;\"><\/div>\n<div style=\"background-color: white; text-align: center;\">\n<ul>\n<li style=\"text-align: left;\"><span style=\"color: #222222; font-family: arial, sans-serif; font-size: x-small;\">El tutorial del ball :<\/span><\/li>\n<\/ul>\n<\/div>\n<div style=\"background-color: white; color: #222222; font-family: arial, sans-serif; font-size: 13px; text-align: center;\"><a href=\"https:\/\/youtu.be\/y6--ZqndwyU\" style=\"color: #1155cc;\" target=\"_blank\" rel=\"noopener noreferrer\">https:\/\/youtu.be\/y6&#8211;ZqndwyU<\/a><\/div>\n<div style=\"background-color: white; color: #222222; font-family: arial, sans-serif; text-align: right;\"><b><span style=\"font-size: x-large;\"><br \/><\/span><\/b><\/div>\n<div style=\"background-color: white; color: #222222; font-family: arial, sans-serif; text-align: right;\"><b><span style=\"font-size: x-large;\">VISCA LA M\u00daSICA!!!<\/span><\/b><\/div>\n","protected":false},"excerpt":{"rendered":"<p>Des del CdA Pau Casals estan duent a terme&nbsp; un projecte on els agradaria que particip\u00e9ssim tots els centres educatius de Catalunya que creiem que la m\u00fasica \u00e9s un element important\u00edssim i b\u00e0sic per a l\u2019educaci\u00f3 dels&nbsp; nostres alumnes.<br \/>\nLa seva intenci\u00f3 \u00e9s explicar novament al&hellip;  <a href=\"https:\/\/agora.xtec.cat\/ceipmisericordia-reus\/musica\/donem-la-nota-amb-pluja-de-sons\/\" title=\"Read DONEM LA NOTA AMB PLUJA DE SONS\">Llegeix m\u00e9s\u00bb<\/a><\/p>\n","protected":false},"author":1,"featured_media":0,"comment_status":"open","ping_status":"closed","sticky":false,"template":"","format":"standard","meta":{"_bbp_topic_count":0,"_bbp_reply_count":0,"_bbp_total_topic_count":0,"_bbp_total_reply_count":0,"_bbp_voice_count":0,"_bbp_anonymous_reply_count":0,"_bbp_topic_count_hidden":0,"_bbp_reply_count_hidden":0,"_bbp_forum_subforum_count":0,"footnotes":""},"categories":[81],"tags":[],"class_list":["post-4264","post","type-post","status-publish","format-standard","hentry","category-musica"],"post_mailing_queue_ids":[],"_links":{"self":[{"href":"https:\/\/agora.xtec.cat\/ceipmisericordia-reus\/wp-json\/wp\/v2\/posts\/4264","targetHints":{"allow":["GET"]}}],"collection":[{"href":"https:\/\/agora.xtec.cat\/ceipmisericordia-reus\/wp-json\/wp\/v2\/posts"}],"about":[{"href":"https:\/\/agora.xtec.cat\/ceipmisericordia-reus\/wp-json\/wp\/v2\/types\/post"}],"author":[{"embeddable":true,"href":"https:\/\/agora.xtec.cat\/ceipmisericordia-reus\/wp-json\/wp\/v2\/users\/1"}],"replies":[{"embeddable":true,"href":"https:\/\/agora.xtec.cat\/ceipmisericordia-reus\/wp-json\/wp\/v2\/comments?post=4264"}],"version-history":[{"count":0,"href":"https:\/\/agora.xtec.cat\/ceipmisericordia-reus\/wp-json\/wp\/v2\/posts\/4264\/revisions"}],"wp:attachment":[{"href":"https:\/\/agora.xtec.cat\/ceipmisericordia-reus\/wp-json\/wp\/v2\/media?parent=4264"}],"wp:term":[{"taxonomy":"category","embeddable":true,"href":"https:\/\/agora.xtec.cat\/ceipmisericordia-reus\/wp-json\/wp\/v2\/categories?post=4264"},{"taxonomy":"post_tag","embeddable":true,"href":"https:\/\/agora.xtec.cat\/ceipmisericordia-reus\/wp-json\/wp\/v2\/tags?post=4264"}],"curies":[{"name":"wp","href":"https:\/\/api.w.org\/{rel}","templated":true}]}}