{"id":4252,"date":"2016-06-13T07:41:00","date_gmt":"2016-06-13T05:41:00","guid":{"rendered":"https:\/\/agora.xtec.cat\/ceipmisericordia-reus\/general\/pluja-de-sons-a-lescola\/"},"modified":"2016-06-13T07:41:00","modified_gmt":"2016-06-13T05:41:00","slug":"pluja-de-sons-a-lescola","status":"publish","type":"post","link":"https:\/\/agora.xtec.cat\/ceipmisericordia-reus\/infantil\/pluja-de-sons-a-lescola\/","title":{"rendered":"PLUJA DE SONS A L&#8217;ESCOLA !"},"content":{"rendered":"<div style=\"clear: both; text-align: center;\">Els alumnes de l&#8217;escola Miseric\u00f2rdia van sortir el passat divendres a les 11 del mati al pati a ballar la can\u00e7\u00f3 Pluja de sons perqu\u00e8 volem sempre la m\u00fasica a l&#8217;escola!<\/div>\n<div style=\"clear: both; text-align: center;\">Ho van fer superb\u00e9! S\u00f3n uns artistes<\/div>\n<div style=\"clear: both; text-align: center;\"><\/div>\n<div style=\"clear: both; text-align: center;\">FEU CLICK AL SEG\u00dcENT ENLLA\u00c7 I VEUREU QUE B\u00c9 HO HAN FET! <\/div>\n<div style=\"clear: both; text-align: center;\"><\/div>\n<div style=\"clear: both; text-align: center;\"><a href=\"https:\/\/youtu.be\/-2YIeuaL6XQ\" target=\"_blank\" rel=\"noopener noreferrer\">https:\/\/youtu.be\/-2YIeuaL6XQ<\/a><\/div>\n<p><b><br \/><\/b><\/p>\n<div style=\"text-align: right;\"><b>VISCA LA M\u00daSICA!<\/b><\/div>\n","protected":false},"excerpt":{"rendered":"<p>Els alumnes de l&#8217;escola Miseric\u00f2rdia van sortir el passat divendres a les 11 del mati al pati a ballar la can\u00e7\u00f3 Pluja de sons perqu\u00e8 volem sempre la m\u00fasica a l&#8217;escola!<br \/>\nHo van fer superb\u00e9! S\u00f3n uns artistes<\/p>\n<p>FEU CLICK AL SEG\u00dcENT ENLLA\u00c7 I VEUREU QUE B\u00c9&hellip;  <a href=\"https:\/\/agora.xtec.cat\/ceipmisericordia-reus\/infantil\/pluja-de-sons-a-lescola\/\" title=\"Read PLUJA DE SONS A L&#8217;ESCOLA !\">Llegeix m\u00e9s\u00bb<\/a><\/p>\n","protected":false},"author":1,"featured_media":0,"comment_status":"open","ping_status":"closed","sticky":false,"template":"","format":"standard","meta":{"_bbp_topic_count":0,"_bbp_reply_count":0,"_bbp_total_topic_count":0,"_bbp_total_reply_count":0,"_bbp_voice_count":0,"_bbp_anonymous_reply_count":0,"_bbp_topic_count_hidden":0,"_bbp_reply_count_hidden":0,"_bbp_forum_subforum_count":0,"footnotes":""},"categories":[10,11,12,13,14,15,2,81,3,8],"tags":[],"class_list":["post-4252","post","type-post","status-publish","format-standard","hentry","category-1r","category-2n","category-3r","category-4t","category-5e","category-6e","category-infantil","category-musica","category-p3","category-p4"],"post_mailing_queue_ids":[],"_links":{"self":[{"href":"https:\/\/agora.xtec.cat\/ceipmisericordia-reus\/wp-json\/wp\/v2\/posts\/4252","targetHints":{"allow":["GET"]}}],"collection":[{"href":"https:\/\/agora.xtec.cat\/ceipmisericordia-reus\/wp-json\/wp\/v2\/posts"}],"about":[{"href":"https:\/\/agora.xtec.cat\/ceipmisericordia-reus\/wp-json\/wp\/v2\/types\/post"}],"author":[{"embeddable":true,"href":"https:\/\/agora.xtec.cat\/ceipmisericordia-reus\/wp-json\/wp\/v2\/users\/1"}],"replies":[{"embeddable":true,"href":"https:\/\/agora.xtec.cat\/ceipmisericordia-reus\/wp-json\/wp\/v2\/comments?post=4252"}],"version-history":[{"count":0,"href":"https:\/\/agora.xtec.cat\/ceipmisericordia-reus\/wp-json\/wp\/v2\/posts\/4252\/revisions"}],"wp:attachment":[{"href":"https:\/\/agora.xtec.cat\/ceipmisericordia-reus\/wp-json\/wp\/v2\/media?parent=4252"}],"wp:term":[{"taxonomy":"category","embeddable":true,"href":"https:\/\/agora.xtec.cat\/ceipmisericordia-reus\/wp-json\/wp\/v2\/categories?post=4252"},{"taxonomy":"post_tag","embeddable":true,"href":"https:\/\/agora.xtec.cat\/ceipmisericordia-reus\/wp-json\/wp\/v2\/tags?post=4252"}],"curies":[{"name":"wp","href":"https:\/\/api.w.org\/{rel}","templated":true}]}}