{"id":4242,"date":"2016-06-20T06:00:00","date_gmt":"2016-06-20T04:00:00","guid":{"rendered":"https:\/\/agora.xtec.cat\/ceipmisericordia-reus\/general\/juguem-amb-lapp-eduloc\/"},"modified":"2016-06-20T06:00:00","modified_gmt":"2016-06-20T04:00:00","slug":"juguem-amb-lapp-eduloc","status":"publish","type":"post","link":"https:\/\/agora.xtec.cat\/ceipmisericordia-reus\/primaria\/6e\/juguem-amb-lapp-eduloc\/","title":{"rendered":"JUGUEM AMB L&#8217;APP &#8220;EDULOC&#8221;"},"content":{"rendered":"<div style=\"text-align: center;\">El <span style=\"font-family: &quot;georgia&quot; , &quot;times new roman&quot; , serif;\">passat dilluns, l&#8217;alumnat de sis\u00e8 va realitzar una cursa d&#8217;orientaci\u00f3 pel centre de Reus amb dispositius m\u00f2bils amb GPS. Vam emprar l&#8217;aplicaci\u00f3 <b>EDULOC<\/b>.&nbsp;<\/span><\/div>\n<div style=\"text-align: center;\"><span style=\"font-family: &quot;georgia&quot; , &quot;times new roman&quot; , serif;\"><br \/><\/span><\/div>\n<div style=\"text-align: center;\"><span style=\"background-color: white; color: #17181b; font-size: 16px; line-height: 24px;\"><span style=\"font-family: &quot;georgia&quot; , &quot;times new roman&quot; , serif;\"><b>EDULOC <\/b>\u00e9s una app\/eina de geolocalitzaci\u00f3 on els alumnes han de seguir un itinerari que el mestre ha marcat previament a l&#8217;aplicaci\u00f3. Cada punt de l&#8217;itinerari porta als alumnes a punts del centre de Reus on hi ha algun edifici hist\u00f2ric relacionat amb el modernisme reusenc. Des de cadascun dels punts, han de respondre a una s\u00e8rie de preguntes que els apropa a diferents elements hist\u00f2rics\/culturals de la ciutat.&nbsp;<\/span><\/span><br \/><span style=\"background-color: white; color: #17181b; font-size: 16px; line-height: 24px;\"><span style=\"font-family: &quot;georgia&quot; , &quot;times new roman&quot; , serif;\"><br \/><\/span><\/span><\/p>\n<div style=\"clear: both; text-align: center;\"><a href=\"https:\/\/1.bp.blogspot.com\/-qEWVqkDBTuo\/V2ehV1wFEGI\/AAAAAAAAV2Q\/I5SzPL8pJVYNLjEVEhFV50qCmYqP1thyACLcB\/s1600\/2016-06-20_0953.png\" style=\"margin-left: 1em; margin-right: 1em;\"><img loading=\"lazy\" decoding=\"async\" border=\"0\" height=\"403\" src=\"https:\/\/1.bp.blogspot.com\/-qEWVqkDBTuo\/V2ehV1wFEGI\/AAAAAAAAV2Q\/I5SzPL8pJVYNLjEVEhFV50qCmYqP1thyACLcB\/s640\/2016-06-20_0953.png\" width=\"640\" \/><\/a><\/div>\n<p><span style=\"background-color: white; color: #17181b; font-size: 16px; line-height: 24px;\"><span style=\"font-family: &quot;georgia&quot; , &quot;times new roman&quot; , serif;\"><br \/><\/span><\/span><\/div>\n<div style=\"text-align: center;\"><\/div>\n<div style=\"text-align: center;\"><\/div>\n<div style=\"text-align: center;\"><iframe loading=\"lazy\" allowfullscreen=\"\" frameborder=\"0\" height=\"360\" mozallowfullscreen=\"\" src=\"https:\/\/player.vimeo.com\/video\/171320941\" webkitallowfullscreen=\"\" width=\"640\"><\/iframe><\/div>\n<div style=\"text-align: center;\"><span style=\"color: orange;\"><br \/><\/span><\/div>\n<h3 style=\"background-color: white; font-family: ralewayextrabold; font-size: 22px; font-weight: normal; line-height: 26.4px; margin: 0.5em 0px; text-align: center;\"><span style=\"font-family: &quot;robotomedium&quot;;\"><span style=\"color: orange;\">Eduloc va estar reconeguda&nbsp;com una de les 10 millors iniciatives de Mobile Learning al m\u00f3n per la UNESCO, en el marc de la Mobile Learning Week 2014 celebrada a Par\u00eds.<\/span><\/span><\/h3>\n<p><\/p>\n","protected":false},"excerpt":{"rendered":"<p>El passat dilluns, l&#8217;alumnat de sis\u00e8 va realitzar una cursa d&#8217;orientaci\u00f3 pel centre de Reus amb dispositius m\u00f2bils amb GPS. Vam emprar l&#8217;aplicaci\u00f3 EDULOC.&nbsp;<\/p>\n<p>EDULOC \u00e9s una app\/eina de geolocalitzaci\u00f3 on els alumnes han de seguir un itinerari que el mestre ha marcat previament a l&#8217;aplicaci\u00f3.&hellip;  <a href=\"https:\/\/agora.xtec.cat\/ceipmisericordia-reus\/primaria\/6e\/juguem-amb-lapp-eduloc\/\" title=\"Read JUGUEM AMB L&#8217;APP &#8220;EDULOC&#8221;\">Llegeix m\u00e9s\u00bb<\/a><\/p>\n","protected":false},"author":1,"featured_media":0,"comment_status":"open","ping_status":"closed","sticky":false,"template":"","format":"standard","meta":{"_bbp_topic_count":0,"_bbp_reply_count":0,"_bbp_total_topic_count":0,"_bbp_total_reply_count":0,"_bbp_voice_count":0,"_bbp_anonymous_reply_count":0,"_bbp_topic_count_hidden":0,"_bbp_reply_count_hidden":0,"_bbp_forum_subforum_count":0,"footnotes":""},"categories":[15,80,82],"tags":[],"class_list":["post-4242","post","type-post","status-publish","format-standard","hentry","category-6e","category-cicle-superior","category-ed-fisica"],"post_mailing_queue_ids":[],"_links":{"self":[{"href":"https:\/\/agora.xtec.cat\/ceipmisericordia-reus\/wp-json\/wp\/v2\/posts\/4242","targetHints":{"allow":["GET"]}}],"collection":[{"href":"https:\/\/agora.xtec.cat\/ceipmisericordia-reus\/wp-json\/wp\/v2\/posts"}],"about":[{"href":"https:\/\/agora.xtec.cat\/ceipmisericordia-reus\/wp-json\/wp\/v2\/types\/post"}],"author":[{"embeddable":true,"href":"https:\/\/agora.xtec.cat\/ceipmisericordia-reus\/wp-json\/wp\/v2\/users\/1"}],"replies":[{"embeddable":true,"href":"https:\/\/agora.xtec.cat\/ceipmisericordia-reus\/wp-json\/wp\/v2\/comments?post=4242"}],"version-history":[{"count":0,"href":"https:\/\/agora.xtec.cat\/ceipmisericordia-reus\/wp-json\/wp\/v2\/posts\/4242\/revisions"}],"wp:attachment":[{"href":"https:\/\/agora.xtec.cat\/ceipmisericordia-reus\/wp-json\/wp\/v2\/media?parent=4242"}],"wp:term":[{"taxonomy":"category","embeddable":true,"href":"https:\/\/agora.xtec.cat\/ceipmisericordia-reus\/wp-json\/wp\/v2\/categories?post=4242"},{"taxonomy":"post_tag","embeddable":true,"href":"https:\/\/agora.xtec.cat\/ceipmisericordia-reus\/wp-json\/wp\/v2\/tags?post=4242"}],"curies":[{"name":"wp","href":"https:\/\/api.w.org\/{rel}","templated":true}]}}