{"id":4234,"date":"2016-11-13T14:34:00","date_gmt":"2016-11-13T13:34:00","guid":{"rendered":"https:\/\/agora.xtec.cat\/ceipmisericordia-reus\/general\/amanida-ecologica\/"},"modified":"2016-11-13T14:34:00","modified_gmt":"2016-11-13T13:34:00","slug":"amanida-ecologica","status":"publish","type":"post","link":"https:\/\/agora.xtec.cat\/ceipmisericordia-reus\/infantil\/amanida-ecologica\/","title":{"rendered":"AMANIDA ECOL\u00d2GICA"},"content":{"rendered":"<p>Des de l&#8217;inici de curs, hem posat en marxa el nostre hort escolar. Aquest any, gr\u00e0cies a l&#8217;ajuda i participaci\u00f3 activa dels professionals del Mas Carandell, estem recollint ja els fruits de tot aquest treball dels darrers mesos.<br \/>El passat dijous 10 de novembre, tots els alumnes de l&#8217;escola Miseric\u00f2rdia vam degustar un fabul\u00f3s tast d&#8217;enciams i escaroles del nostre hort.<br \/>Des de ben mat\u00ed, els alumnes de P5 i 5\u00e8 van anar a collir els enciams i escaroles. Despr\u00e9s, tots junts, a la cuina de l&#8217;escola van fer de cuiners; rentar fulla per fulla, desinfectar de qualsevol bacteri, escorrer tota l&#8217;aiga, tallar les fulles, amanir amb oli i sal, i repartir per les classes tots els enciams i escaroles.<\/p>\n<p><\/p>\n<div style=\"clear: both; text-align: center;\"><iframe loading=\"lazy\" width=\"320\" height=\"266\" data-thumbnail-src=\"https:\/\/i.ytimg.com\/vi\/bnLjC2jTejM\/0.jpg\" src=\"https:\/\/www.youtube.com\/embed\/bnLjC2jTejM?feature=player_embedded\" frameborder=\"0\" allowfullscreen><\/iframe><\/div>\n<p>Amanida feta!! Mmmmm&#8230;.quina font de vitamines!<\/p>\n","protected":false},"excerpt":{"rendered":"<p>Des de l&#8217;inici de curs, hem posat en marxa el nostre hort escolar. Aquest any, gr\u00e0cies a l&#8217;ajuda i participaci\u00f3 activa dels professionals del Mas Carandell, estem recollint ja els fruits de tot aquest treball dels darrers mesos.El passat dijous 10 de novembre, tots els&hellip;  <a href=\"https:\/\/agora.xtec.cat\/ceipmisericordia-reus\/infantil\/amanida-ecologica\/\" title=\"Read AMANIDA ECOL\u00d2GICA\">Llegeix m\u00e9s\u00bb<\/a><\/p>\n","protected":false},"author":1,"featured_media":0,"comment_status":"open","ping_status":"closed","sticky":false,"template":"","format":"standard","meta":{"_bbp_topic_count":0,"_bbp_reply_count":0,"_bbp_total_topic_count":0,"_bbp_total_reply_count":0,"_bbp_voice_count":0,"_bbp_anonymous_reply_count":0,"_bbp_topic_count_hidden":0,"_bbp_reply_count_hidden":0,"_bbp_forum_subforum_count":0,"footnotes":""},"categories":[10,11,12,13,14,15,87,2],"tags":[],"class_list":["post-4234","post","type-post","status-publish","format-standard","hentry","category-1r","category-2n","category-3r","category-4t","category-5e","category-6e","category-hort","category-infantil"],"post_mailing_queue_ids":[],"_links":{"self":[{"href":"https:\/\/agora.xtec.cat\/ceipmisericordia-reus\/wp-json\/wp\/v2\/posts\/4234","targetHints":{"allow":["GET"]}}],"collection":[{"href":"https:\/\/agora.xtec.cat\/ceipmisericordia-reus\/wp-json\/wp\/v2\/posts"}],"about":[{"href":"https:\/\/agora.xtec.cat\/ceipmisericordia-reus\/wp-json\/wp\/v2\/types\/post"}],"author":[{"embeddable":true,"href":"https:\/\/agora.xtec.cat\/ceipmisericordia-reus\/wp-json\/wp\/v2\/users\/1"}],"replies":[{"embeddable":true,"href":"https:\/\/agora.xtec.cat\/ceipmisericordia-reus\/wp-json\/wp\/v2\/comments?post=4234"}],"version-history":[{"count":0,"href":"https:\/\/agora.xtec.cat\/ceipmisericordia-reus\/wp-json\/wp\/v2\/posts\/4234\/revisions"}],"wp:attachment":[{"href":"https:\/\/agora.xtec.cat\/ceipmisericordia-reus\/wp-json\/wp\/v2\/media?parent=4234"}],"wp:term":[{"taxonomy":"category","embeddable":true,"href":"https:\/\/agora.xtec.cat\/ceipmisericordia-reus\/wp-json\/wp\/v2\/categories?post=4234"},{"taxonomy":"post_tag","embeddable":true,"href":"https:\/\/agora.xtec.cat\/ceipmisericordia-reus\/wp-json\/wp\/v2\/tags?post=4234"}],"curies":[{"name":"wp","href":"https:\/\/api.w.org\/{rel}","templated":true}]}}