{"id":4158,"date":"2017-03-04T22:59:00","date_gmt":"2017-03-04T21:59:00","guid":{"rendered":"https:\/\/agora.xtec.cat\/ceipmisericordia-reus\/general\/inauguracio-olimpiades-escolars\/"},"modified":"2017-03-04T22:59:00","modified_gmt":"2017-03-04T21:59:00","slug":"inauguracio-olimpiades-escolars","status":"publish","type":"post","link":"https:\/\/agora.xtec.cat\/ceipmisericordia-reus\/escacs\/inauguracio-olimpiades-escolars\/","title":{"rendered":"Inauguraci\u00f3 Olimp\u00edades Escolars"},"content":{"rendered":"<div style=\"clear: both; text-align: center;\"><object contentid=\"aebe1ecd4abab8af\" height=\"266\" width=\"320\"><\/object><\/div>\n<p>El passat divendres es van inaugurar oficialment les olimp\u00edades escolars de Reus. El capit\u00e0 de la nostra escola ens va representar hissant la bandera de les olimp\u00edades. Aquest any l&#8217;escola Miseric\u00f2rdia participa en les disciplines d&#8217;atletisme i d&#8217;escacs.<\/p>\n<p>Com ja sabeu teniu tota la informaci\u00f3 de les dues competicions a la p\u00e0gina oficial de les olimp\u00edades.<br \/><a href=\"https:\/\/olimpiadaescolar.jimdo.com\/\" target=\"_blank\" rel=\"noopener noreferrer\">https:\/\/olimpiadaescolar.jimdo.com\/<\/a><\/p>\n<p>Fins aviat.<\/p>\n","protected":false},"excerpt":{"rendered":"<p>El passat divendres es van inaugurar oficialment les olimp\u00edades escolars de Reus. El capit\u00e0 de la nostra escola ens va representar hissant la bandera de les olimp\u00edades. Aquest any l&#8217;escola Miseric\u00f2rdia participa en les disciplines d&#8217;atletisme i d&#8217;escacs.<br \/>\nCom ja sabeu teniu tota la informaci\u00f3 de&hellip;  <a href=\"https:\/\/agora.xtec.cat\/ceipmisericordia-reus\/escacs\/inauguracio-olimpiades-escolars\/\" title=\"Read Inauguraci\u00f3 Olimp\u00edades Escolars\">Llegeix m\u00e9s\u00bb<\/a><\/p>\n","protected":false},"author":1,"featured_media":0,"comment_status":"open","ping_status":"closed","sticky":false,"template":"","format":"standard","meta":{"_bbp_topic_count":0,"_bbp_reply_count":0,"_bbp_total_topic_count":0,"_bbp_total_reply_count":0,"_bbp_voice_count":0,"_bbp_anonymous_reply_count":0,"_bbp_topic_count_hidden":0,"_bbp_reply_count_hidden":0,"_bbp_forum_subforum_count":0,"footnotes":""},"categories":[88],"tags":[],"class_list":["post-4158","post","type-post","status-publish","format-standard","hentry","category-escacs"],"post_mailing_queue_ids":[],"_links":{"self":[{"href":"https:\/\/agora.xtec.cat\/ceipmisericordia-reus\/wp-json\/wp\/v2\/posts\/4158","targetHints":{"allow":["GET"]}}],"collection":[{"href":"https:\/\/agora.xtec.cat\/ceipmisericordia-reus\/wp-json\/wp\/v2\/posts"}],"about":[{"href":"https:\/\/agora.xtec.cat\/ceipmisericordia-reus\/wp-json\/wp\/v2\/types\/post"}],"author":[{"embeddable":true,"href":"https:\/\/agora.xtec.cat\/ceipmisericordia-reus\/wp-json\/wp\/v2\/users\/1"}],"replies":[{"embeddable":true,"href":"https:\/\/agora.xtec.cat\/ceipmisericordia-reus\/wp-json\/wp\/v2\/comments?post=4158"}],"version-history":[{"count":0,"href":"https:\/\/agora.xtec.cat\/ceipmisericordia-reus\/wp-json\/wp\/v2\/posts\/4158\/revisions"}],"wp:attachment":[{"href":"https:\/\/agora.xtec.cat\/ceipmisericordia-reus\/wp-json\/wp\/v2\/media?parent=4158"}],"wp:term":[{"taxonomy":"category","embeddable":true,"href":"https:\/\/agora.xtec.cat\/ceipmisericordia-reus\/wp-json\/wp\/v2\/categories?post=4158"},{"taxonomy":"post_tag","embeddable":true,"href":"https:\/\/agora.xtec.cat\/ceipmisericordia-reus\/wp-json\/wp\/v2\/tags?post=4158"}],"curies":[{"name":"wp","href":"https:\/\/api.w.org\/{rel}","templated":true}]}}