{"id":4153,"date":"2017-03-14T14:45:00","date_gmt":"2017-03-14T13:45:00","guid":{"rendered":"https:\/\/agora.xtec.cat\/ceipmisericordia-reus\/general\/atletisme-i-escacs-olimpiades-reus-2017\/"},"modified":"2017-03-14T14:45:00","modified_gmt":"2017-03-14T13:45:00","slug":"atletisme-i-escacs-olimpiades-reus-2017","status":"publish","type":"post","link":"https:\/\/agora.xtec.cat\/ceipmisericordia-reus\/cicle-mitja\/atletisme-i-escacs-olimpiades-reus-2017\/","title":{"rendered":"Atletisme i escacs olimp\u00edades Reus 2017"},"content":{"rendered":"<p>Com ja sabeu els alumnes i les alumnes de l&#8217;escola estan participant a les olimp\u00edades escolars de Reus en aquestes dues disciplines.<\/p>\n<p>Des d&#8217;aqu\u00ed els volem felicitar tant pel comprom\u00eds com per l&#8217;acceptaci\u00f3 dels resultats obtinguts i ens alegrem de veure als nostres alumnes feli\u00e7os en un entorn esportiu i saludable. L&#8217;any que ve serem m\u00e9s i ho farem millor (si \u00e9s que es pot)<\/p>\n<p>Aqu\u00ed us deixem l&#8217;enlla\u00e7 oficial de les olimp\u00edades perqu\u00e8 pugueu seguir totes les novetats de les diferents competicions:&nbsp;<a href=\"https:\/\/olimpiadaescolar.jimdo.com\/\" target=\"_blank\" rel=\"noopener noreferrer\">olimp\u00edades escolars <\/a><\/p>\n<p>Ara compartim aquest v\u00eddeo que esperem que us agradi!!!<\/p>\n<div style=\"clear: both; text-align: center;\"><iframe loading=\"lazy\" width=\"320\" height=\"266\" data-thumbnail-src=\"https:\/\/i.ytimg.com\/vi\/QKzGgUn5CTA\/0.jpg\" src=\"https:\/\/www.youtube.com\/embed\/QKzGgUn5CTA?feature=player_embedded\" frameborder=\"0\" allowfullscreen><\/iframe><\/div>\n<p>No oblideu de fer-nos els vostres comentaris!<\/p>\n","protected":false},"excerpt":{"rendered":"<p>Com ja sabeu els alumnes i les alumnes de l&#8217;escola estan participant a les olimp\u00edades escolars de Reus en aquestes dues disciplines.<br \/>\nDes d&#8217;aqu\u00ed els volem felicitar tant pel comprom\u00eds com per l&#8217;acceptaci\u00f3 dels resultats obtinguts i ens alegrem de veure als nostres alumnes feli\u00e7os en&hellip;  <a href=\"https:\/\/agora.xtec.cat\/ceipmisericordia-reus\/cicle-mitja\/atletisme-i-escacs-olimpiades-reus-2017\/\" title=\"Read Atletisme i escacs olimp\u00edades Reus 2017\">Llegeix m\u00e9s\u00bb<\/a><\/p>\n","protected":false},"author":1,"featured_media":0,"comment_status":"open","ping_status":"closed","sticky":false,"template":"","format":"standard","meta":{"_bbp_topic_count":0,"_bbp_reply_count":0,"_bbp_total_topic_count":0,"_bbp_total_reply_count":0,"_bbp_voice_count":0,"_bbp_anonymous_reply_count":0,"_bbp_topic_count_hidden":0,"_bbp_reply_count_hidden":0,"_bbp_forum_subforum_count":0,"footnotes":""},"categories":[79,80,88],"tags":[],"class_list":["post-4153","post","type-post","status-publish","format-standard","hentry","category-cicle-mitja","category-cicle-superior","category-escacs"],"post_mailing_queue_ids":[],"_links":{"self":[{"href":"https:\/\/agora.xtec.cat\/ceipmisericordia-reus\/wp-json\/wp\/v2\/posts\/4153","targetHints":{"allow":["GET"]}}],"collection":[{"href":"https:\/\/agora.xtec.cat\/ceipmisericordia-reus\/wp-json\/wp\/v2\/posts"}],"about":[{"href":"https:\/\/agora.xtec.cat\/ceipmisericordia-reus\/wp-json\/wp\/v2\/types\/post"}],"author":[{"embeddable":true,"href":"https:\/\/agora.xtec.cat\/ceipmisericordia-reus\/wp-json\/wp\/v2\/users\/1"}],"replies":[{"embeddable":true,"href":"https:\/\/agora.xtec.cat\/ceipmisericordia-reus\/wp-json\/wp\/v2\/comments?post=4153"}],"version-history":[{"count":0,"href":"https:\/\/agora.xtec.cat\/ceipmisericordia-reus\/wp-json\/wp\/v2\/posts\/4153\/revisions"}],"wp:attachment":[{"href":"https:\/\/agora.xtec.cat\/ceipmisericordia-reus\/wp-json\/wp\/v2\/media?parent=4153"}],"wp:term":[{"taxonomy":"category","embeddable":true,"href":"https:\/\/agora.xtec.cat\/ceipmisericordia-reus\/wp-json\/wp\/v2\/categories?post=4153"},{"taxonomy":"post_tag","embeddable":true,"href":"https:\/\/agora.xtec.cat\/ceipmisericordia-reus\/wp-json\/wp\/v2\/tags?post=4153"}],"curies":[{"name":"wp","href":"https:\/\/api.w.org\/{rel}","templated":true}]}}