{"id":4144,"date":"2017-04-03T12:49:00","date_gmt":"2017-04-03T10:49:00","guid":{"rendered":"https:\/\/agora.xtec.cat\/ceipmisericordia-reus\/general\/contacontes-amb-les-families-p5\/"},"modified":"2017-04-03T12:49:00","modified_gmt":"2017-04-03T10:49:00","slug":"contacontes-amb-les-families-p5","status":"publish","type":"post","link":"https:\/\/agora.xtec.cat\/ceipmisericordia-reus\/infantil\/contacontes-amb-les-families-p5\/","title":{"rendered":"CONTACONTES AMB LES FAM\u00cdLIES P5"},"content":{"rendered":"<div style=\"text-align: center;\">Seguim amb la participaci\u00f3 de les fam\u00edlies en l&#8217;activitat de contacontes a la classe de P5.<\/div>\n<div style=\"text-align: center;\">Moltes gr\u00e0cies per la participaci\u00f3, entusiasme, dedicaci\u00f3 i esfor\u00e7 en els contes!<\/div>\n<div style=\"text-align: center;\">Mireu quins actors i actrius.&nbsp;<\/div>\n<div style=\"text-align: center;\"><\/div>\n<div style=\"text-align: center;\"><iframe loading=\"lazy\" allowfullscreen=\"\" frameborder=\"0\" height=\"270\" src=\"https:\/\/www.youtube.com\/embed\/70hpsdK0IAA\" width=\"480\"><\/iframe><\/div>\n","protected":false},"excerpt":{"rendered":"<p>Seguim amb la participaci\u00f3 de les fam\u00edlies en l&#8217;activitat de contacontes a la classe de P5.<br \/>\nMoltes gr\u00e0cies per la participaci\u00f3, entusiasme, dedicaci\u00f3 i esfor\u00e7 en els contes!<br \/>\nMireu quins actors i actrius.&nbsp;<\/p>\n","protected":false},"author":1,"featured_media":0,"comment_status":"open","ping_status":"closed","sticky":false,"template":"","format":"standard","meta":{"_bbp_topic_count":0,"_bbp_reply_count":0,"_bbp_total_topic_count":0,"_bbp_total_reply_count":0,"_bbp_voice_count":0,"_bbp_anonymous_reply_count":0,"_bbp_topic_count_hidden":0,"_bbp_reply_count_hidden":0,"_bbp_forum_subforum_count":0,"footnotes":""},"categories":[2,9],"tags":[],"class_list":["post-4144","post","type-post","status-publish","format-standard","hentry","category-infantil","category-p5"],"post_mailing_queue_ids":[],"_links":{"self":[{"href":"https:\/\/agora.xtec.cat\/ceipmisericordia-reus\/wp-json\/wp\/v2\/posts\/4144","targetHints":{"allow":["GET"]}}],"collection":[{"href":"https:\/\/agora.xtec.cat\/ceipmisericordia-reus\/wp-json\/wp\/v2\/posts"}],"about":[{"href":"https:\/\/agora.xtec.cat\/ceipmisericordia-reus\/wp-json\/wp\/v2\/types\/post"}],"author":[{"embeddable":true,"href":"https:\/\/agora.xtec.cat\/ceipmisericordia-reus\/wp-json\/wp\/v2\/users\/1"}],"replies":[{"embeddable":true,"href":"https:\/\/agora.xtec.cat\/ceipmisericordia-reus\/wp-json\/wp\/v2\/comments?post=4144"}],"version-history":[{"count":0,"href":"https:\/\/agora.xtec.cat\/ceipmisericordia-reus\/wp-json\/wp\/v2\/posts\/4144\/revisions"}],"wp:attachment":[{"href":"https:\/\/agora.xtec.cat\/ceipmisericordia-reus\/wp-json\/wp\/v2\/media?parent=4144"}],"wp:term":[{"taxonomy":"category","embeddable":true,"href":"https:\/\/agora.xtec.cat\/ceipmisericordia-reus\/wp-json\/wp\/v2\/categories?post=4144"},{"taxonomy":"post_tag","embeddable":true,"href":"https:\/\/agora.xtec.cat\/ceipmisericordia-reus\/wp-json\/wp\/v2\/tags?post=4144"}],"curies":[{"name":"wp","href":"https:\/\/api.w.org\/{rel}","templated":true}]}}