{"id":4142,"date":"2017-04-03T14:08:00","date_gmt":"2017-04-03T12:08:00","guid":{"rendered":"https:\/\/agora.xtec.cat\/ceipmisericordia-reus\/general\/comite-ambiental-5\/"},"modified":"2017-04-03T14:08:00","modified_gmt":"2017-04-03T12:08:00","slug":"comite-ambiental-5","status":"publish","type":"post","link":"https:\/\/agora.xtec.cat\/ceipmisericordia-reus\/cicle-inicial\/comite-ambiental-5\/","title":{"rendered":"Comit\u00e8 Ambiental"},"content":{"rendered":"<div style=\"text-align: center;\">El divendres 31 es va fer la reuni\u00f3 trimestral del Comit\u00e8 Ambiental. Cada aula va presentar el seus treballs mitjancant dos delegats. Aquests van fer molt bona exposici\u00f3.<\/p>\n<p><iframe loading=\"lazy\" allowfullscreen=\"\" frameborder=\"0\" height=\"270\" src=\"https:\/\/www.youtube.com\/embed\/wZIIExD6CTs\" width=\"480\"><\/iframe><\/div>\n","protected":false},"excerpt":{"rendered":"<p>El divendres 31 es va fer la reuni\u00f3 trimestral del Comit\u00e8 Ambiental. Cada aula va presentar el seus treballs mitjancant dos delegats. Aquests van fer molt bona exposici\u00f3.<\/p>\n","protected":false},"author":1,"featured_media":0,"comment_status":"open","ping_status":"closed","sticky":false,"template":"","format":"standard","meta":{"_bbp_topic_count":0,"_bbp_reply_count":0,"_bbp_total_topic_count":0,"_bbp_total_reply_count":0,"_bbp_voice_count":0,"_bbp_anonymous_reply_count":0,"_bbp_topic_count_hidden":0,"_bbp_reply_count_hidden":0,"_bbp_forum_subforum_count":0,"footnotes":""},"categories":[74,79,80],"tags":[],"class_list":["post-4142","post","type-post","status-publish","format-standard","hentry","category-cicle-inicial","category-cicle-mitja","category-cicle-superior"],"post_mailing_queue_ids":[],"_links":{"self":[{"href":"https:\/\/agora.xtec.cat\/ceipmisericordia-reus\/wp-json\/wp\/v2\/posts\/4142","targetHints":{"allow":["GET"]}}],"collection":[{"href":"https:\/\/agora.xtec.cat\/ceipmisericordia-reus\/wp-json\/wp\/v2\/posts"}],"about":[{"href":"https:\/\/agora.xtec.cat\/ceipmisericordia-reus\/wp-json\/wp\/v2\/types\/post"}],"author":[{"embeddable":true,"href":"https:\/\/agora.xtec.cat\/ceipmisericordia-reus\/wp-json\/wp\/v2\/users\/1"}],"replies":[{"embeddable":true,"href":"https:\/\/agora.xtec.cat\/ceipmisericordia-reus\/wp-json\/wp\/v2\/comments?post=4142"}],"version-history":[{"count":0,"href":"https:\/\/agora.xtec.cat\/ceipmisericordia-reus\/wp-json\/wp\/v2\/posts\/4142\/revisions"}],"wp:attachment":[{"href":"https:\/\/agora.xtec.cat\/ceipmisericordia-reus\/wp-json\/wp\/v2\/media?parent=4142"}],"wp:term":[{"taxonomy":"category","embeddable":true,"href":"https:\/\/agora.xtec.cat\/ceipmisericordia-reus\/wp-json\/wp\/v2\/categories?post=4142"},{"taxonomy":"post_tag","embeddable":true,"href":"https:\/\/agora.xtec.cat\/ceipmisericordia-reus\/wp-json\/wp\/v2\/tags?post=4142"}],"curies":[{"name":"wp","href":"https:\/\/api.w.org\/{rel}","templated":true}]}}