{"id":4135,"date":"2017-04-27T11:34:00","date_gmt":"2017-04-27T09:34:00","guid":{"rendered":"https:\/\/agora.xtec.cat\/ceipmisericordia-reus\/general\/p5-fem-motlles\/"},"modified":"2017-04-27T11:34:00","modified_gmt":"2017-04-27T09:34:00","slug":"p5-fem-motlles","status":"publish","type":"post","link":"https:\/\/agora.xtec.cat\/ceipmisericordia-reus\/infantil\/p5\/p5-fem-motlles\/","title":{"rendered":"P5 FEM MOTLLES"},"content":{"rendered":"<div style=\"text-align: center;\">Els nens i nenes de P5 em fet un taller sobre petjades d&#8217;animals del bosc.<\/div>\n<div style=\"text-align: center;\">Gr\u00e0cies a l&#8217;educadora Marta de l&#8217;assossiaci\u00f3 Cel Rogent, hem apr\u00e8s la vida dels animals del bosc, les seves empremtes i caracter\u00edstiques.&nbsp;<\/div>\n<div style=\"text-align: center;\"><\/div>\n<div style=\"text-align: center;\"><iframe loading=\"lazy\" allowfullscreen=\"\" frameborder=\"0\" height=\"270\" src=\"https:\/\/www.youtube.com\/embed\/MtykEB37Ru4\" width=\"480\"><\/iframe><\/div>\n","protected":false},"excerpt":{"rendered":"<p>Els nens i nenes de P5 em fet un taller sobre petjades d&#8217;animals del bosc.<br \/>\nGr\u00e0cies a l&#8217;educadora Marta de l&#8217;assossiaci\u00f3 Cel Rogent, hem apr\u00e8s la vida dels animals del bosc, les seves empremtes i caracter\u00edstiques.&nbsp;<\/p>\n","protected":false},"author":1,"featured_media":0,"comment_status":"open","ping_status":"closed","sticky":false,"template":"","format":"standard","meta":{"_bbp_topic_count":0,"_bbp_reply_count":0,"_bbp_total_topic_count":0,"_bbp_total_reply_count":0,"_bbp_voice_count":0,"_bbp_anonymous_reply_count":0,"_bbp_topic_count_hidden":0,"_bbp_reply_count_hidden":0,"_bbp_forum_subforum_count":0,"footnotes":""},"categories":[9],"tags":[],"class_list":["post-4135","post","type-post","status-publish","format-standard","hentry","category-p5"],"post_mailing_queue_ids":[],"_links":{"self":[{"href":"https:\/\/agora.xtec.cat\/ceipmisericordia-reus\/wp-json\/wp\/v2\/posts\/4135","targetHints":{"allow":["GET"]}}],"collection":[{"href":"https:\/\/agora.xtec.cat\/ceipmisericordia-reus\/wp-json\/wp\/v2\/posts"}],"about":[{"href":"https:\/\/agora.xtec.cat\/ceipmisericordia-reus\/wp-json\/wp\/v2\/types\/post"}],"author":[{"embeddable":true,"href":"https:\/\/agora.xtec.cat\/ceipmisericordia-reus\/wp-json\/wp\/v2\/users\/1"}],"replies":[{"embeddable":true,"href":"https:\/\/agora.xtec.cat\/ceipmisericordia-reus\/wp-json\/wp\/v2\/comments?post=4135"}],"version-history":[{"count":0,"href":"https:\/\/agora.xtec.cat\/ceipmisericordia-reus\/wp-json\/wp\/v2\/posts\/4135\/revisions"}],"wp:attachment":[{"href":"https:\/\/agora.xtec.cat\/ceipmisericordia-reus\/wp-json\/wp\/v2\/media?parent=4135"}],"wp:term":[{"taxonomy":"category","embeddable":true,"href":"https:\/\/agora.xtec.cat\/ceipmisericordia-reus\/wp-json\/wp\/v2\/categories?post=4135"},{"taxonomy":"post_tag","embeddable":true,"href":"https:\/\/agora.xtec.cat\/ceipmisericordia-reus\/wp-json\/wp\/v2\/tags?post=4135"}],"curies":[{"name":"wp","href":"https:\/\/api.w.org\/{rel}","templated":true}]}}