{"id":4121,"date":"2017-05-24T16:10:00","date_gmt":"2017-05-24T14:10:00","guid":{"rendered":"https:\/\/agora.xtec.cat\/ceipmisericordia-reus\/general\/cap-nen-sense-llibre\/"},"modified":"2017-05-24T16:10:00","modified_gmt":"2017-05-24T14:10:00","slug":"cap-nen-sense-llibre","status":"publish","type":"post","link":"https:\/\/agora.xtec.cat\/ceipmisericordia-reus\/primaria\/1r\/cap-nen-sense-llibre\/","title":{"rendered":"CAP NEN SENSE LLIBRE"},"content":{"rendered":"<div style=\"text-align: center;\"><a href=\"http:\/\/4.bp.blogspot.com\/-uCA0za9G2W8\/WSWgWkLW-fI\/AAAAAAAAYx4\/a1qvl3DpBbkFra3NBsTieQA6qt7BHWeIACK4B\/s1600\/foto_170522_cap_nen_sense_llibre.jpg\"><img loading=\"lazy\" decoding=\"async\" border=\"0\" height=\"265\" src=\"https:\/\/4.bp.blogspot.com\/-uCA0za9G2W8\/WSWgWkLW-fI\/AAAAAAAAYx4\/a1qvl3DpBbkFra3NBsTieQA6qt7BHWeIACK4B\/s400\/foto_170522_cap_nen_sense_llibre.jpg\" width=\"400\" \/><\/a><\/div>\n<div style=\"text-align: center;\"><\/div>\n<div style=\"text-align: center;\"><\/div>\n<h1 style=\"background-color: white; border-bottom: 2px solid rgb(118, 38, 65); box-sizing: border-box; color: #752641; font-family: OpenSansRegular, Verdana; font-size: 1.9em; font-weight: 500; line-height: 1.1; margin: 20px 0px; padding-bottom: 10px; text-align: center;\">La campanya \u00abA Reus, per Sant Jordi, cap nen sense llibre\u00bb recull 3.000 euros<\/h1>\n<div style=\"text-align: justify;\"><span style=\"font-family: &quot;verdana&quot; , sans-serif;\"><br \/><\/span><\/div>\n<div>\n<div style=\"background-color: white; box-sizing: border-box; color: #313131; font-size: 14px; margin-bottom: 1.5em; text-align: justify;\"><span style=\"font-family: &quot;verdana&quot; , sans-serif;\">La campanya solid\u00e0ria \u00abA Reus, per Sant Jordi, cap nen sense llibre\u00bb, que es va portar a terme als comer\u00e7os de Reus durant una setmana al mes d\u2019abril coincidint amb la Diada de Sant Jordi, va recollir un total de 3.000 euros. Una aportaci\u00f3 econ\u00f2mica que l\u2019Obra Social \u201cla Caixa\u201d d\u00f3na al projecte de reutilitzaci\u00f3 de llibres de l\u2019escola Miseric\u00f2rdia, coordinat per la Regidoria de Benestar Social de l\u2019Ajuntament de Reus.<\/span><\/div>\n<div style=\"background-color: white; box-sizing: border-box; color: #313131; font-size: 14px; margin-bottom: 1.5em; text-align: justify;\"><span style=\"font-family: &quot;verdana&quot; , sans-serif;\">Aquest dilluns, 22 de maig s\u2019ha fet a l\u2019Escola Miseric\u00f2rdia l\u2019acte de lliurament del xec amb l\u2019import recaptat. Tatiana Caro, directora d\u2019Institucions a Tarragona de CaixaBank, ha donat el xec a les regidores de Benestar, Montserrat Vilella; d\u2019Ensenyament i Pol\u00edtica Ling\u00fc\u00edstica, M. Dolors Sard\u00e0; i de Projecci\u00f3 de Ciutat, Montserrat Caelles; acompanyades per la directora de l\u2019escola Miseric\u00f2rdia, Miseric\u00f2rdia Roig.<\/span><\/div>\n<div style=\"background-color: white; box-sizing: border-box; color: #313131; font-size: 14px; margin-bottom: 1.5em;\"><\/div>\n<div style=\"text-align: justify;\"><span style=\"color: #5d213a; font-family: &quot;verdana&quot; , sans-serif; font-weight: bold;\">La campanya<\/span><\/div>\n<div style=\"text-align: justify;\"><span style=\"font-family: &quot;verdana&quot; , sans-serif;\">La campanya, que s\u2019ha fet per segona vegada consecutiva a la ciutat de Reus, ha consistit a donar un euro destinat a la compra de llibres escolars per cada compra realitzada a trav\u00e9s dels dat\u00e0fons de CaixaBank a les botigues que formen part de les associacions de comerciants el Tomb de Reus i la Uni\u00f3 de Botiguers de Reus. L\u2019any passat tamb\u00e9 es van recollir 3.000 euros que van anar destinats al projecte de reutilitzaci\u00f3 de llibres de l\u2019escola Eduard Toda. Uns dos-cents infants es van poder beneficiar d\u2019aquesta iniciativa.<\/span><\/div>\n<p><span style=\"font-family: &quot;verdana&quot; , sans-serif;\"><br \/><\/span><\/p>\n<div style=\"background-color: white; box-sizing: border-box; color: #313131; font-size: 14px; margin-bottom: 1.5em; text-align: justify;\"><span style=\"font-family: &quot;verdana&quot; , sans-serif;\">Aquesta campanya, que considera l\u2019educaci\u00f3 una eina fonamental per garantir la igualtat d\u2019oportunitats dels infants, ha rebut el suport de les regidories de Benestar Social, de Projecci\u00f3 de Ciutat i d\u2019Ensenyament de l\u2019Ajuntament.<\/span><\/div>\n<div style=\"background-color: white; box-sizing: border-box; color: #313131; font-size: 14px; margin-bottom: 1.5em;\"><\/div>\n<div style=\"text-align: justify;\"><span style=\"color: #5d213a; font-family: &quot;verdana&quot; , sans-serif; font-weight: bold;\">Inter\u00e8s social<\/span><\/div>\n<div style=\"text-align: justify;\"><span style=\"font-family: &quot;verdana&quot; , sans-serif;\">El projecte de reutilitzaci\u00f3 de llibres als centres educatius, coordinat per la regidoria de Benestar Social, ha rebut els diners aconseguits a trav\u00e9s d\u2019aquesta campanya. L\u2019objectiu d\u2019aquest projecte \u00e9s promoure la col\u00b7laboraci\u00f3 entre les entitats p\u00fabliques i privades en la reutilitzaci\u00f3 de llibres. Una tasca considerada d\u2019inter\u00e8s social, atesa l\u2019actual situaci\u00f3 econ\u00f2mica i l\u2019esfor\u00e7 que suposa per a les fam\u00edlies amb una situaci\u00f3 de vulnerabilitat la compra de llibres durant el curs escolar.<\/span><\/div>\n<p><span style=\"font-family: &quot;verdana&quot; , sans-serif;\"><br \/><\/span><\/p>\n<div style=\"background-color: white; box-sizing: border-box; color: #313131; font-size: 14px; margin-bottom: 1.5em; text-align: justify;\"><span style=\"font-family: &quot;verdana&quot; , sans-serif;\">Aquest projecte complementa les ajudes individuals i familiars de l\u2019Ajuntament de Reus a l\u2019escolaritzaci\u00f3 dels alumnes, fomentant l\u2019estalvi econ\u00f2mic, aix\u00ed com actituds i valors com la conservaci\u00f3 responsable dels llibres, la cooperaci\u00f3, la solidaritat i la capacitat de saber compartir els recursos disponibles.<\/span><\/div>\n<div style=\"background-color: white; box-sizing: border-box; color: #313131; font-size: 14px; margin-bottom: 1.5em; text-align: justify;\"><span style=\"font-family: &quot;verdana&quot; , sans-serif;\">Aquesta iniciativa se suma a altres programes de reutilitzaci\u00f3 de llibres que funcionen en diversos centres educatius de la ciutat i que tamb\u00e9 reben el suport de l\u2019Ajuntament de Reus.<\/span><\/div>\n<div style=\"background-color: white; box-sizing: border-box; color: #313131; font-size: 14px; margin-bottom: 1.5em;\"><\/div>\n<div style=\"text-align: justify;\"><span style=\"color: #5d213a; font-family: &quot;verdana&quot; , sans-serif; font-weight: bold;\">Reutilitzaci\u00f3 de llibres a l\u2019escola Miseric\u00f2rdia<\/span><\/div>\n<div style=\"text-align: justify;\"><span style=\"font-family: &quot;verdana&quot; , sans-serif;\">La dotaci\u00f3 econ\u00f2mica que avui rep l\u2019escola Miseric\u00f2rdia es destinar\u00e0 a la renovaci\u00f3 dels llibres de text de matem\u00e0tiques des de tercer fins a sis\u00e8 i de diccionaris de llengua catalana per als Cicles Mitj\u00e0 i Superior. En concret, l\u2019escola Miseric\u00f2rdia va comen\u00e7ar el projecte de reutilitzaci\u00f3 de llibres durant el curs 2005-06 i actualment es fa a tots els cursos: des de primer fins a sis\u00e8 de prim\u00e0ria. Els llibres que es reutilitzen s\u00f3n els d\u2019angl\u00e8s al Cicle Inicial i els de totes les mat\u00e8ries als Cicles mitj\u00e0 i Superior.<\/span><\/div>\n<p><span style=\"font-family: &quot;verdana&quot; , sans-serif;\"><br \/><\/span><\/p>\n<div style=\"box-sizing: border-box; color: #313131; margin-bottom: 1.5em; text-align: justify;\">\n<div style=\"background-color: white; font-size: 14px;\"><span style=\"font-family: &quot;verdana&quot; , sans-serif;\">Els llibres s\u2019han anat adquirint progressivament amb ajuts espec\u00edfics provinents del Departament d\u2019Ensenyament de la Generalitat de Catalunya. El programa de reutilitzaci\u00f3 d\u2019aquesta escola es fa amb la col\u00b7laboraci\u00f3 de l\u2019AMPA.<\/span><\/div>\n<div style=\"text-align: center;\"><span style=\"background-color: orange; font-family: &quot;verdana&quot; , sans-serif; font-size: large;\"><br \/><\/span><\/div>\n<div style=\"text-align: center;\"><span style=\"background-color: orange; font-family: &quot;verdana&quot; , sans-serif; font-size: large;\">SORTIM A REUS TV!!!&nbsp;<\/span><\/div>\n<div style=\"text-align: center;\"><span style=\"font-family: &quot;verdana&quot; , sans-serif; font-size: large;\"><a href=\"http:\/\/canalreustv.xiptv.cat\/canal-reus-noticies\/capitol\/noticies-migdia-22-05-2017#\" style=\"background-color: orange;\" target=\"_blank\" rel=\"noopener noreferrer\">ENLLA\u00c7!!!<\/a><\/span><\/div>\n<\/div>\n<\/div>\n","protected":false},"excerpt":{"rendered":"<p><a href=\"http:\/\/4.bp.blogspot.com\/-uCA0za9G2W8\/WSWgWkLW-fI\/AAAAAAAAYx4\/a1qvl3DpBbkFra3NBsTieQA6qt7BHWeIACK4B\/s1600\/foto_170522_cap_nen_sense_llibre.jpg\"><\/a><\/p>\n<p>La campanya \u00abA Reus, per Sant Jordi, cap nen sense llibre\u00bb recull 3.000 euros<\/p>\n<p>La campanya solid\u00e0ria \u00abA Reus, per Sant Jordi, cap nen sense llibre\u00bb, que es va portar a terme als comer\u00e7os de Reus durant una setmana al mes d\u2019abril coincidint amb la&hellip;  <a href=\"https:\/\/agora.xtec.cat\/ceipmisericordia-reus\/primaria\/1r\/cap-nen-sense-llibre\/\" title=\"Read CAP NEN SENSE LLIBRE\">Llegeix m\u00e9s\u00bb<\/a><\/p>\n","protected":false},"author":1,"featured_media":0,"comment_status":"open","ping_status":"closed","sticky":false,"template":"","format":"standard","meta":{"_bbp_topic_count":0,"_bbp_reply_count":0,"_bbp_total_topic_count":0,"_bbp_total_reply_count":0,"_bbp_voice_count":0,"_bbp_anonymous_reply_count":0,"_bbp_topic_count_hidden":0,"_bbp_reply_count_hidden":0,"_bbp_forum_subforum_count":0,"footnotes":""},"categories":[10,11,12,13,14,15],"tags":[],"class_list":["post-4121","post","type-post","status-publish","format-standard","hentry","category-1r","category-2n","category-3r","category-4t","category-5e","category-6e"],"post_mailing_queue_ids":[],"_links":{"self":[{"href":"https:\/\/agora.xtec.cat\/ceipmisericordia-reus\/wp-json\/wp\/v2\/posts\/4121","targetHints":{"allow":["GET"]}}],"collection":[{"href":"https:\/\/agora.xtec.cat\/ceipmisericordia-reus\/wp-json\/wp\/v2\/posts"}],"about":[{"href":"https:\/\/agora.xtec.cat\/ceipmisericordia-reus\/wp-json\/wp\/v2\/types\/post"}],"author":[{"embeddable":true,"href":"https:\/\/agora.xtec.cat\/ceipmisericordia-reus\/wp-json\/wp\/v2\/users\/1"}],"replies":[{"embeddable":true,"href":"https:\/\/agora.xtec.cat\/ceipmisericordia-reus\/wp-json\/wp\/v2\/comments?post=4121"}],"version-history":[{"count":0,"href":"https:\/\/agora.xtec.cat\/ceipmisericordia-reus\/wp-json\/wp\/v2\/posts\/4121\/revisions"}],"wp:attachment":[{"href":"https:\/\/agora.xtec.cat\/ceipmisericordia-reus\/wp-json\/wp\/v2\/media?parent=4121"}],"wp:term":[{"taxonomy":"category","embeddable":true,"href":"https:\/\/agora.xtec.cat\/ceipmisericordia-reus\/wp-json\/wp\/v2\/categories?post=4121"},{"taxonomy":"post_tag","embeddable":true,"href":"https:\/\/agora.xtec.cat\/ceipmisericordia-reus\/wp-json\/wp\/v2\/tags?post=4121"}],"curies":[{"name":"wp","href":"https:\/\/api.w.org\/{rel}","templated":true}]}}