{"id":4113,"date":"2017-05-31T11:58:00","date_gmt":"2017-05-31T09:58:00","guid":{"rendered":"https:\/\/agora.xtec.cat\/ceipmisericordia-reus\/general\/fem-coral\/"},"modified":"2017-05-31T11:58:00","modified_gmt":"2017-05-31T09:58:00","slug":"fem-coral","status":"publish","type":"post","link":"https:\/\/agora.xtec.cat\/ceipmisericordia-reus\/primaria\/5e\/fem-coral\/","title":{"rendered":"FEM CORAL"},"content":{"rendered":"<h1 style=\"background-color: white; border-bottom: 2px solid rgb(118, 38, 65); box-sizing: border-box; color: #752641; font-family: OpenSansRegular, Verdana; font-size: 1.9em; font-weight: 500; line-height: 1.1; margin: 20px 0px; padding-bottom: 10px;\">www.reus.cat informa:<\/h1>\n<h1 style=\"background-color: white; border-bottom: 2px solid rgb(118, 38, 65); box-sizing: border-box; color: #752641; font-family: OpenSansRegular, Verdana; font-size: 1.9em; font-weight: 500; line-height: 1.1; margin: 20px 0px; padding-bottom: 10px;\"><a href=\"http:\/\/www.reus.cat\/serveis\/fem-coral-0\" target=\"_blank\" rel=\"noopener noreferrer\">Fem Coral<\/a><\/h1>\n<div style=\"background-color: white; box-sizing: border-box; color: #313131; font-family: OpenSansRegular, Verdana; font-size: 14px;\">\n<div style=\"box-sizing: border-box; float: left; margin-bottom: 20px; margin-right: 20px;\"><a href=\"http:\/\/www.reus.cat\/sites\/reus\/files\/styles\/full\/public\/120606_foto_fem_coral_1_0_0.jpg?itok=u4HKqV3p\" rel=\"lightbox[node]\" style=\"box-sizing: border-box; color: #5d213a;\" title=\"Fem Coral\"><img decoding=\"async\" src=\"http:\/\/www.reus.cat\/sites\/reus\/files\/styles\/320px_amplada\/public\/120606_foto_fem_coral_1_0_0.jpg?itok=6XlkcR5V\" style=\"border: 0px; box-sizing: border-box; height: auto; max-width: 100%; vertical-align: middle;\" \/><\/a><\/div>\n<div style=\"box-sizing: border-box;\">\n<div style=\"box-sizing: border-box;\">\n<div style=\"box-sizing: border-box;\">\n<div style=\"box-sizing: border-box; margin-bottom: 1.5em;\">\u00abFem Coral\u00bb forma part del conjunt de recursos i activitats educatives que l&#8217;\u00c0rea d\u2019Ensenyament i Pol\u00edtica Ling\u00fc\u00edstica de l&#8217;Ajuntament de Reus posa a l&#8217;abast dels centres educatius de la ciutat per tal de participar i acompanyar la comunitat educativa en la formaci\u00f3 i l&#8217;educaci\u00f3 de les persones des de l\u2019inici de l&#8217;escolaritzaci\u00f3 fins a l&#8217;edat adulta.<\/div>\n<div style=\"box-sizing: border-box; margin-bottom: 1.5em;\">El \u00abFem Coral\u00bb fomenta l&#8217;aprenentatge de la m\u00fasica i del cant coral entre l&#8217;alumnat de prim\u00e0ria com un element integrador i de conviv\u00e8ncia.<\/div>\n<div style=\"box-sizing: border-box; margin-bottom: 1.5em;\"><span style=\"box-sizing: border-box; color: #5d213a; font-weight: bold;\">Edici\u00f3 2017<\/span><\/div>\n<div style=\"box-sizing: border-box; margin-bottom: 1.5em;\">\u00abFem Coral\u00bb Tots el camins porten a Reus! tot coincidint amb la celebraci\u00f3 de Reus, Capital de la Cultura Catalana. M\u00e9s d&#8217;un miler d\u2019alumnes de prim\u00e0ria de 29 centres de Reus i poblacions ve\u00efnes participen el dimarts 30 de maig en la cantata del \u00abFem Coral\u00bb a les 17:30 h al Pavell\u00f3 Ol\u00edmpic Municipal, un concert que com cada edici\u00f3 t\u00e9 la pres\u00e8ncia de les fam\u00edlies dels infants i altres representants de la comunitat educativa.<\/div>\n<div style=\"box-sizing: border-box; margin-bottom: 1.5em;\"><span style=\"box-sizing: border-box; color: #5d213a; font-weight: bold;\">Mostra de cartells escolars anunciadors del Fem Coral 2017<\/span><br \/>Un any m\u00e9s, el disseny del cartell anunciador del \u00abFem Coral\u00bb ha anat a c\u00e0rrec dels nens i les nenes que participen d&#8217;aquest programa educatiu, m\u00e9s d&#8217;un miler de cartells dels quals cada centre ha escollit el que el representa.<\/div>\n<div style=\"box-sizing: border-box; margin-bottom: 1.5em;\">La mostra tamb\u00e9 es pot visitar del 22 al 31 de maig a la Videoteca del Centre de Lectura, de dilluns a dissabte, de 10 a 13 h i de 16 a 20 h, carrer Major, 15, 2a planta, Reus.<\/div>\n<\/div>\n<\/div>\n<\/div>\n<\/div>\n<div aria-hidden=\"true\">\n<div>\n<div style=\"border-color: #fff;\"><\/div>\n<\/div>\n<\/div>\n","protected":false},"excerpt":{"rendered":"<p>www.reus.cat informa:<br \/>\n<a href=\"http:\/\/www.reus.cat\/serveis\/fem-coral-0\" target=\"_blank\" rel=\"noopener noreferrer\">Fem Coral<\/a><\/p>\n<p><a href=\"http:\/\/www.reus.cat\/sites\/reus\/files\/styles\/full\/public\/120606_foto_fem_coral_1_0_0.jpg?itok=u4HKqV3p\" rel=\"lightbox[node]\" style=\"box-sizing: border-box; color: #5d213a;\" title=\"Fem Coral\"><\/a><\/p>\n<p>\u00abFem Coral\u00bb forma part del conjunt de recursos i activitats educatives que l&#8217;\u00c0rea d\u2019Ensenyament i Pol\u00edtica Ling\u00fc\u00edstica de l&#8217;Ajuntament de Reus posa a l&#8217;abast dels centres educatius de la ciutat per&hellip;  <a href=\"https:\/\/agora.xtec.cat\/ceipmisericordia-reus\/primaria\/5e\/fem-coral\/\" title=\"Read FEM CORAL\">Llegeix m\u00e9s\u00bb<\/a><\/p>\n","protected":false},"author":1,"featured_media":0,"comment_status":"open","ping_status":"closed","sticky":false,"template":"","format":"standard","meta":{"_bbp_topic_count":0,"_bbp_reply_count":0,"_bbp_total_topic_count":0,"_bbp_total_reply_count":0,"_bbp_voice_count":0,"_bbp_anonymous_reply_count":0,"_bbp_topic_count_hidden":0,"_bbp_reply_count_hidden":0,"_bbp_forum_subforum_count":0,"footnotes":""},"categories":[14,81],"tags":[],"class_list":["post-4113","post","type-post","status-publish","format-standard","hentry","category-5e","category-musica"],"post_mailing_queue_ids":[],"_links":{"self":[{"href":"https:\/\/agora.xtec.cat\/ceipmisericordia-reus\/wp-json\/wp\/v2\/posts\/4113","targetHints":{"allow":["GET"]}}],"collection":[{"href":"https:\/\/agora.xtec.cat\/ceipmisericordia-reus\/wp-json\/wp\/v2\/posts"}],"about":[{"href":"https:\/\/agora.xtec.cat\/ceipmisericordia-reus\/wp-json\/wp\/v2\/types\/post"}],"author":[{"embeddable":true,"href":"https:\/\/agora.xtec.cat\/ceipmisericordia-reus\/wp-json\/wp\/v2\/users\/1"}],"replies":[{"embeddable":true,"href":"https:\/\/agora.xtec.cat\/ceipmisericordia-reus\/wp-json\/wp\/v2\/comments?post=4113"}],"version-history":[{"count":0,"href":"https:\/\/agora.xtec.cat\/ceipmisericordia-reus\/wp-json\/wp\/v2\/posts\/4113\/revisions"}],"wp:attachment":[{"href":"https:\/\/agora.xtec.cat\/ceipmisericordia-reus\/wp-json\/wp\/v2\/media?parent=4113"}],"wp:term":[{"taxonomy":"category","embeddable":true,"href":"https:\/\/agora.xtec.cat\/ceipmisericordia-reus\/wp-json\/wp\/v2\/categories?post=4113"},{"taxonomy":"post_tag","embeddable":true,"href":"https:\/\/agora.xtec.cat\/ceipmisericordia-reus\/wp-json\/wp\/v2\/tags?post=4113"}],"curies":[{"name":"wp","href":"https:\/\/api.w.org\/{rel}","templated":true}]}}