{"id":4112,"date":"2017-05-31T12:04:00","date_gmt":"2017-05-31T10:04:00","guid":{"rendered":"https:\/\/agora.xtec.cat\/ceipmisericordia-reus\/general\/ahir\/"},"modified":"2017-05-31T12:04:00","modified_gmt":"2017-05-31T10:04:00","slug":"ahir","status":"publish","type":"post","link":"https:\/\/agora.xtec.cat\/ceipmisericordia-reus\/primaria\/5e\/ahir\/","title":{"rendered":"AHIR&#8230;"},"content":{"rendered":"<div style=\"text-align: center;\">Els alumnes de cinqu\u00e8 van assistir al pavell\u00f3 ol\u00edmpic per tal de celebrar l&#8217;edici\u00f3 del 2017 del &#8220;Fem Coral&#8221;. Uns moments molt bonics i emocionants!!<\/div>\n<p><\/p>\n<div style=\"text-align: center;\"><a href=\"http:\/\/2.bp.blogspot.com\/-uzbx4TAmWCY\/WS6iVgFLPSI\/AAAAAAAAY14\/htlPjEfvzGE1daiP0Fzp96j122lK47KeQCK4B\/s1600\/IMG-20170531-WA0000.jpg\"><img loading=\"lazy\" decoding=\"async\" border=\"0\" height=\"300\" src=\"https:\/\/2.bp.blogspot.com\/-uzbx4TAmWCY\/WS6iVgFLPSI\/AAAAAAAAY14\/htlPjEfvzGE1daiP0Fzp96j122lK47KeQCK4B\/s400\/IMG-20170531-WA0000.jpg\" width=\"400\" \/><\/a><\/div>\n<div style=\"text-align: center;\"><\/div>\n<div style=\"text-align: center;\"><a href=\"http:\/\/1.bp.blogspot.com\/-jYsRo7hzk9M\/WS6iqfNTWKI\/AAAAAAAAY2A\/SAQhMoTE9zUTb0dmJl2mn5J4zN8CK2cnQCK4B\/s1600\/IMG-20170531-WA0006.jpg\"><img loading=\"lazy\" decoding=\"async\" border=\"0\" height=\"300\" src=\"https:\/\/1.bp.blogspot.com\/-jYsRo7hzk9M\/WS6iqfNTWKI\/AAAAAAAAY2A\/SAQhMoTE9zUTb0dmJl2mn5J4zN8CK2cnQCK4B\/s400\/IMG-20170531-WA0006.jpg\" width=\"400\" \/><\/a><\/div>\n","protected":false},"excerpt":{"rendered":"<p>Els alumnes de cinqu\u00e8 van assistir al pavell\u00f3 ol\u00edmpic per tal de celebrar l&#8217;edici\u00f3 del 2017 del &#8220;Fem Coral&#8221;. Uns moments molt bonics i emocionants!!<\/p>\n<p><a href=\"http:\/\/2.bp.blogspot.com\/-uzbx4TAmWCY\/WS6iVgFLPSI\/AAAAAAAAY14\/htlPjEfvzGE1daiP0Fzp96j122lK47KeQCK4B\/s1600\/IMG-20170531-WA0000.jpg\"><\/a><\/p>\n<p><a href=\"http:\/\/1.bp.blogspot.com\/-jYsRo7hzk9M\/WS6iqfNTWKI\/AAAAAAAAY2A\/SAQhMoTE9zUTb0dmJl2mn5J4zN8CK2cnQCK4B\/s1600\/IMG-20170531-WA0006.jpg\"><\/a><\/p>\n","protected":false},"author":1,"featured_media":0,"comment_status":"open","ping_status":"closed","sticky":false,"template":"","format":"standard","meta":{"_bbp_topic_count":0,"_bbp_reply_count":0,"_bbp_total_topic_count":0,"_bbp_total_reply_count":0,"_bbp_voice_count":0,"_bbp_anonymous_reply_count":0,"_bbp_topic_count_hidden":0,"_bbp_reply_count_hidden":0,"_bbp_forum_subforum_count":0,"footnotes":""},"categories":[14,81],"tags":[],"class_list":["post-4112","post","type-post","status-publish","format-standard","hentry","category-5e","category-musica"],"post_mailing_queue_ids":[],"_links":{"self":[{"href":"https:\/\/agora.xtec.cat\/ceipmisericordia-reus\/wp-json\/wp\/v2\/posts\/4112","targetHints":{"allow":["GET"]}}],"collection":[{"href":"https:\/\/agora.xtec.cat\/ceipmisericordia-reus\/wp-json\/wp\/v2\/posts"}],"about":[{"href":"https:\/\/agora.xtec.cat\/ceipmisericordia-reus\/wp-json\/wp\/v2\/types\/post"}],"author":[{"embeddable":true,"href":"https:\/\/agora.xtec.cat\/ceipmisericordia-reus\/wp-json\/wp\/v2\/users\/1"}],"replies":[{"embeddable":true,"href":"https:\/\/agora.xtec.cat\/ceipmisericordia-reus\/wp-json\/wp\/v2\/comments?post=4112"}],"version-history":[{"count":0,"href":"https:\/\/agora.xtec.cat\/ceipmisericordia-reus\/wp-json\/wp\/v2\/posts\/4112\/revisions"}],"wp:attachment":[{"href":"https:\/\/agora.xtec.cat\/ceipmisericordia-reus\/wp-json\/wp\/v2\/media?parent=4112"}],"wp:term":[{"taxonomy":"category","embeddable":true,"href":"https:\/\/agora.xtec.cat\/ceipmisericordia-reus\/wp-json\/wp\/v2\/categories?post=4112"},{"taxonomy":"post_tag","embeddable":true,"href":"https:\/\/agora.xtec.cat\/ceipmisericordia-reus\/wp-json\/wp\/v2\/tags?post=4112"}],"curies":[{"name":"wp","href":"https:\/\/api.w.org\/{rel}","templated":true}]}}