{"id":4080,"date":"2017-10-17T08:24:00","date_gmt":"2017-10-17T06:24:00","guid":{"rendered":"https:\/\/agora.xtec.cat\/ceipmisericordia-reus\/general\/laprenentatge-de-langles-a-p4\/"},"modified":"2017-10-17T08:24:00","modified_gmt":"2017-10-17T06:24:00","slug":"laprenentatge-de-langles-a-p4","status":"publish","type":"post","link":"https:\/\/agora.xtec.cat\/ceipmisericordia-reus\/infantil\/p4\/laprenentatge-de-langles-a-p4\/","title":{"rendered":"L&#8217;aprenentatge de l&#8217;angl\u00e8s a P4"},"content":{"rendered":"<p>&nbsp; &nbsp; &nbsp;Iniciar vol dir comen\u00e7ar a fer viure la llengua, comen\u00e7ar a fer servir la llengua per descobrir, per sociabilitzar-se, per expressar sentiments i experi\u00e8ncies, per esdevenir m\u00e9s aut\u00f2nom i reflexiu, per adonar-se que la nova llengua va m\u00e9s enll\u00e0 de l&#8217;aula i serveix pel mateix que les lleng\u00fces que es parlen a casa, per comunicar-se. El m\u00e9s important per\u00f2, \u00e9s que per ells sigui una experi\u00e8ncia positiva i significativa, que hi vegin una import\u00e0ncia i una utilitat m\u00e9s enll\u00e0 de l&#8217;aula.<\/p>\n<p>&nbsp; &nbsp; &nbsp;I amb quines eines podem dur a terme aquest primer contacte? Doncs amb aquelles que ja formen part de la did\u00e0ctica de l&#8217;Educaci\u00f3 Infantil i Prim\u00e0ria:<span style=\"color: #674ea7;\"> les can\u00e7ons, els contes, les f\u00f3rmules de salutaci\u00f3 i acomiadament, els jocs de tradici\u00f3 popular, els poemes d&#8217;estructura repetitiva, la dramatitzaci\u00f3 d&#8217;hist\u00f2ries, les danses, les rutines pr\u00f2pies de la jornada escolar&#8230;<\/span> La bona qualitat d&#8217;aquesta primera experi\u00e8ncia amb la llengua, garantir\u00e0 ens els alumnes un apropament progressiu que repercutir\u00e0 de forma positiva en els seus aprenentatges futurs.<\/p>\n<div style=\"clear: both; text-align: center;\"><object id=\"BLOG_video-886f11acfc70e953\" content width=\"320\" height=\"266\"><\/object><\/div>\n<p><span style=\"font-size: x-small;\"><span style=\"font-size: 10pt;\"> <\/span><\/span><\/p>\n","protected":false},"excerpt":{"rendered":"<p>&nbsp; &nbsp; &nbsp;Iniciar vol dir comen\u00e7ar a fer viure la llengua, comen\u00e7ar a fer servir la llengua per descobrir, per sociabilitzar-se, per expressar sentiments i experi\u00e8ncies, per esdevenir m\u00e9s aut\u00f2nom i reflexiu, per adonar-se que la nova llengua va m\u00e9s enll\u00e0 de l&#8217;aula i serveix&hellip;  <a href=\"https:\/\/agora.xtec.cat\/ceipmisericordia-reus\/infantil\/p4\/laprenentatge-de-langles-a-p4\/\" title=\"Read L&#8217;aprenentatge de l&#8217;angl\u00e8s a P4\">Llegeix m\u00e9s\u00bb<\/a><\/p>\n","protected":false},"author":1,"featured_media":0,"comment_status":"open","ping_status":"closed","sticky":false,"template":"","format":"standard","meta":{"_bbp_topic_count":0,"_bbp_reply_count":0,"_bbp_total_topic_count":0,"_bbp_total_reply_count":0,"_bbp_voice_count":0,"_bbp_anonymous_reply_count":0,"_bbp_topic_count_hidden":0,"_bbp_reply_count_hidden":0,"_bbp_forum_subforum_count":0,"footnotes":""},"categories":[84,8],"tags":[],"class_list":["post-4080","post","type-post","status-publish","format-standard","hentry","category-angles","category-p4"],"post_mailing_queue_ids":[],"_links":{"self":[{"href":"https:\/\/agora.xtec.cat\/ceipmisericordia-reus\/wp-json\/wp\/v2\/posts\/4080","targetHints":{"allow":["GET"]}}],"collection":[{"href":"https:\/\/agora.xtec.cat\/ceipmisericordia-reus\/wp-json\/wp\/v2\/posts"}],"about":[{"href":"https:\/\/agora.xtec.cat\/ceipmisericordia-reus\/wp-json\/wp\/v2\/types\/post"}],"author":[{"embeddable":true,"href":"https:\/\/agora.xtec.cat\/ceipmisericordia-reus\/wp-json\/wp\/v2\/users\/1"}],"replies":[{"embeddable":true,"href":"https:\/\/agora.xtec.cat\/ceipmisericordia-reus\/wp-json\/wp\/v2\/comments?post=4080"}],"version-history":[{"count":0,"href":"https:\/\/agora.xtec.cat\/ceipmisericordia-reus\/wp-json\/wp\/v2\/posts\/4080\/revisions"}],"wp:attachment":[{"href":"https:\/\/agora.xtec.cat\/ceipmisericordia-reus\/wp-json\/wp\/v2\/media?parent=4080"}],"wp:term":[{"taxonomy":"category","embeddable":true,"href":"https:\/\/agora.xtec.cat\/ceipmisericordia-reus\/wp-json\/wp\/v2\/categories?post=4080"},{"taxonomy":"post_tag","embeddable":true,"href":"https:\/\/agora.xtec.cat\/ceipmisericordia-reus\/wp-json\/wp\/v2\/tags?post=4080"}],"curies":[{"name":"wp","href":"https:\/\/api.w.org\/{rel}","templated":true}]}}